{"id":106014,"date":"2021-12-28T14:12:01","date_gmt":"2021-12-28T17:12:01","guid":{"rendered":"http:\/\/www.noticiasdelparana.com.ar\/NuevaEdicion\/?p=106014"},"modified":"2021-12-28T14:12:04","modified_gmt":"2021-12-28T17:12:04","slug":"chaco-cultura-fundacion-urunday-y-colectivos-de-inclusion-y-diversidad-recorrieron-el-museum","status":"publish","type":"post","link":"http:\/\/www.noticiasdelparana.com.ar\/NuevaEdicion\/2021\/12\/28\/chaco-cultura-fundacion-urunday-y-colectivos-de-inclusion-y-diversidad-recorrieron-el-museum\/","title":{"rendered":"CHACO:  Cultura, Fundaci\u00f3n Urunday Y Colectivos De Inclusi\u00f3n Y Diversidad Recorrieron El MusEUM"},"content":{"rendered":"\n<p>En este marco, esta ma\u00f1ana se llev\u00f3 adelante un recorrido por el Museum, lugar donde se desarrollar\u00e1 la nueva edici\u00f3n del encuentro internacional, que se realizar\u00e1 entre el 16 y el 23 de julio del 2022.<\/p>\n\n\n\n<p>En la actividad, se realiz\u00f3 un recorrido por el predio describiendo las actividades que se desarrollar\u00e1n en cada sector, con el objetivo de identificar entre todos y todas, las oportunidades de mejorar para garantizar una Bienal m\u00e1s accesible.&nbsp;<\/p>\n\n\n\n<p>Por su parte, el presidente de la Fundaci\u00f3n Urunday, Jos\u00e9 Eidman, expres\u00f3: \u201cEntre los objetivos propuestos, queremos promover una Bienal del Chaco, inclusiva y accesible, incorporar la interpretaci\u00f3n Lengua de Se\u00f1as Argentina- Espa\u00f1ol, la remoci\u00f3n de barreras arquitect\u00f3nicas, la audiodescripci\u00f3n, las comunicaciones alternativas y aumentativas, itinerarios accesibles, los ajustes razonables del entorno, haciendo efectiva la igualdad de oportunidades y la igualdad de trato como derecho y garant\u00edas constitucionales y convencionales.&nbsp; Considerando las recomendaciones de la GUIA PRACTICA DE ACCESIBILIDAD CULTURAL dise\u00f1ada por el Laboratorio de Innovaci\u00f3n Cultural del Ministerio de Cultura de la Naci\u00f3n, todo ello, con el prop\u00f3sito de que la accesibilidad y la inclusi\u00f3n se hagan efectivos para los asistentes, haciendo del Arte un Bien de Todos.\u201d<\/p>\n\n\n\n<p>Esta iniciativa cuenta con la participaci\u00f3n de la Asociaci\u00f3n de personas sordas del Chaco, la Fundaci\u00f3n Cabildo Abierto, el Centro de Formaci\u00f3n Laboral, la Fundaci\u00f3n Tifloluz, el Cenovi, el Instituto Sol, el Instituto Girasoles, y el IPRODICH.<\/p>\n","protected":false},"excerpt":{"rendered":"<p>28-Dic-21  Trabajadores y funcionarios de Cultura, junto a la Fundaci\u00f3n Urunday, colectivos de inclusi\u00f3n y diversidad, contin\u00faan trabajando para garantizar una Bienal Accesible para personas con discapacidades. <\/p>\n","protected":false},"author":3,"featured_media":0,"comment_status":"closed","ping_status":"closed","sticky":false,"template":"","format":"standard","meta":[],"categories":[105],"tags":[],"_links":{"self":[{"href":"http:\/\/www.noticiasdelparana.com.ar\/NuevaEdicion\/wp-json\/wp\/v2\/posts\/106014"}],"collection":[{"href":"http:\/\/www.noticiasdelparana.com.ar\/NuevaEdicion\/wp-json\/wp\/v2\/posts"}],"about":[{"href":"http:\/\/www.noticiasdelparana.com.ar\/NuevaEdicion\/wp-json\/wp\/v2\/types\/post"}],"author":[{"embeddable":true,"href":"http:\/\/www.noticiasdelparana.com.ar\/NuevaEdicion\/wp-json\/wp\/v2\/users\/3"}],"replies":[{"embeddable":true,"href":"http:\/\/www.noticiasdelparana.com.ar\/NuevaEdicion\/wp-json\/wp\/v2\/comments?post=106014"}],"version-history":[{"count":1,"href":"http:\/\/www.noticiasdelparana.com.ar\/NuevaEdicion\/wp-json\/wp\/v2\/posts\/106014\/revisions"}],"predecessor-version":[{"id":106016,"href":"http:\/\/www.noticiasdelparana.com.ar\/NuevaEdicion\/wp-json\/wp\/v2\/posts\/106014\/revisions\/106016"}],"wp:attachment":[{"href":"http:\/\/www.noticiasdelparana.com.ar\/NuevaEdicion\/wp-json\/wp\/v2\/media?parent=106014"}],"wp:term":[{"taxonomy":"category","embeddable":true,"href":"http:\/\/www.noticiasdelparana.com.ar\/NuevaEdicion\/wp-json\/wp\/v2\/categories?post=106014"},{"taxonomy":"post_tag","embeddable":true,"href":"http:\/\/www.noticiasdelparana.com.ar\/NuevaEdicion\/wp-json\/wp\/v2\/tags?post=106014"}],"curies":[{"name":"wp","href":"https:\/\/api.w.org\/{rel}","templated":true}]}}