{"id":110885,"date":"2022-02-02T13:52:19","date_gmt":"2022-02-02T16:52:19","guid":{"rendered":"http:\/\/www.noticiasdelparana.com.ar\/NuevaEdicion\/?p=110885"},"modified":"2022-02-02T13:52:21","modified_gmt":"2022-02-02T16:52:21","slug":"chaco-el-2021-se-consagra-como-el-ano-de-la-reactivacion-economica","status":"publish","type":"post","link":"http:\/\/www.noticiasdelparana.com.ar\/NuevaEdicion\/2022\/02\/02\/chaco-el-2021-se-consagra-como-el-ano-de-la-reactivacion-economica\/","title":{"rendered":"CHACO:  El 2021 Se Consagra Como El A\u00f1o De La Reactivaci\u00f3n Econ\u00f3mica"},"content":{"rendered":"\n<p>El Ministerio de Planificaci\u00f3n, Econom\u00eda e Infraestructura informa que la econom\u00eda de la Provincia creci\u00f3 un 10,1% en 2021, recuper\u00e1ndose de la crisis econ\u00f3mica generada por la anterior gesti\u00f3n nacional, agravada por la pandemia. As\u00ed lo reflejan los indicadores de actividad econ\u00f3mica que registran niveles hist\u00f3ricos como el despacho de cemento y la recaudaci\u00f3n provincial. Por ello, el Presupuesto 2022 prev\u00e9 un aumento del gasto en torno al 100%, gracias a un mejor ordenamiento de las cuentas p\u00fablicas.<\/p>\n\n\n\n<p>\u201cHoy estamos en condiciones de afirmar que el Chaco recuper\u00f3 todo lo perdido, este proceso de recuperaci\u00f3n impacta en la vida de todas y todos, gracias a la generaci\u00f3n de empleo y la recuperaci\u00f3n del poder adquisitivo del salario&#8221;, se\u00f1al\u00f3 el ministro de Planificaci\u00f3n, Econom\u00eda e Infraestructura Santiago P\u00e9rez Pons.<br><\/p>\n\n\n\n<p>Indicadores del crecimiento<\/p>\n\n\n\n<p>Durante 2021 el despacho de cemento en Chaco alcanz\u00f3 su m\u00e1ximo hist\u00f3rico desde que existen registros de este indicador. Seg\u00fan los datos publicados por la Asociaci\u00f3n de Fabricantes de Cemento de Portland (AFCP), en el a\u00f1o se despacharon un total de 326.427 toneladas de cemento en bolsa y a granel.<\/p>\n\n\n\n<p>Se destac\u00f3 el desempe\u00f1o de este \u00faltimo, que acumul\u00f3 un crecimiento del 125,6% interanual, lo que permiti\u00f3 posicionar a la Provincia como la segunda con mayor crecimiento a nivel nacional. Este rubro se vincula principalmente a la obra p\u00fablica, que durante 2021 alcanz\u00f3 los $22.090 millones de inversi\u00f3n, y se espera una inversi\u00f3n de $44.197 millones para 2022.<\/p>\n\n\n\n<p>El cemento en bolsa tambi\u00e9n fue r\u00e9cord en 2021 (+24% interanual), con un despacho total de 235.261 toneladas. Este indicio se asocia a la actividad privada y refacciones, que se encuentra en consonancia con el paquete de medidas implementadas durante los \u00faltimos meses tales como cr\u00e9ditos para refacci\u00f3n de viviendas, aportes no reintegrables para soluciones habitacionales y la implementaci\u00f3n del programa Mejor Techo, Mejor Vida.<\/p>\n\n\n\n<p>Este hito tambi\u00e9n se vio reflejado en la generaci\u00f3n de nuevos puestos de trabajo registrado en el sector de la construcci\u00f3n que, seg\u00fan lo informado por el Instituto de Estad\u00edstica y Registro de la Industria de la Construcci\u00f3n (IERIC), en noviembre de 2021 se registraron 2.151 puestos de trabajo m\u00e1s que en diciembre de 2019.<\/p>\n\n\n\n<p>Otro indicador que refleja las mejoras en el poder adquisitivo de las y los chaque\u00f1os es el patentamiento de motos de la provincia. Durante 2021 se registraron 23.801 patentes de este tipo de veh\u00edculo, retomando los niveles de 2019 (+5,5%).<br><\/p>\n\n\n\n<p>Recaudaci\u00f3n provincial<\/p>\n\n\n\n<p>En enero la recaudaci\u00f3n provincial marc\u00f3 un nuevo r\u00e9cord nominal, alcanzando los $3.237 millones. Con un crecimiento del 68,1% contra mismo per\u00edodo de 2021, logr\u00f3 concretar nueve meses consecutivos de mayor expansi\u00f3n que los Recursos Nacionales (+54,9% interanual).<\/p>\n\n\n\n<p>En particular, se destaca el buen desempe\u00f1o de Ingresos Brutos en este primer mes, que representa la mayor parte de la recaudaci\u00f3n provincial y que se vio impulsado por el aumento en el consumo, fruto de las diversas promociones bancarias implementadas a trav\u00e9s de Tarjeta Tuya.<\/p>\n\n\n\n<p>Adem\u00e1s, influy\u00f3 el pago de aguinaldos percibidos por trabajadores del sector p\u00fablico y privado durante la segunda quincena de diciembre, que acompa\u00f1a al proceso de recomposici\u00f3n salarial que est\u00e1 atravesando la Provincia.<\/p>\n\n\n\n<p>\u201cVamos a seguir implementando medidas econ\u00f3micas y pol\u00edticas p\u00fablicas que contin\u00faen incentivando el crecimiento y desarrollo de la provincia, impulsados por los resultados obtenidos durante 2021, proyectamos un 2022 con m\u00e1s y mejores inversiones en infraestructura y desarrollo para el bienestar de chaque\u00f1as y chaque\u00f1os\u201d, concluy\u00f3 P\u00e9rez Pons.<\/p>\n","protected":false},"excerpt":{"rendered":"<p>02-Feb-22    La actividad chaque\u00f1a bati\u00f3 r\u00e9cords en 2021, acompa\u00f1ada de una recaudaci\u00f3n provincial que crece mes a mes. Durante 2022 se proyecta continuar con el proceso de crecimiento, que se registra en Chaco desde mediados de 2020.<\/p>\n","protected":false},"author":3,"featured_media":0,"comment_status":"closed","ping_status":"closed","sticky":false,"template":"","format":"standard","meta":[],"categories":[98],"tags":[],"_links":{"self":[{"href":"http:\/\/www.noticiasdelparana.com.ar\/NuevaEdicion\/wp-json\/wp\/v2\/posts\/110885"}],"collection":[{"href":"http:\/\/www.noticiasdelparana.com.ar\/NuevaEdicion\/wp-json\/wp\/v2\/posts"}],"about":[{"href":"http:\/\/www.noticiasdelparana.com.ar\/NuevaEdicion\/wp-json\/wp\/v2\/types\/post"}],"author":[{"embeddable":true,"href":"http:\/\/www.noticiasdelparana.com.ar\/NuevaEdicion\/wp-json\/wp\/v2\/users\/3"}],"replies":[{"embeddable":true,"href":"http:\/\/www.noticiasdelparana.com.ar\/NuevaEdicion\/wp-json\/wp\/v2\/comments?post=110885"}],"version-history":[{"count":1,"href":"http:\/\/www.noticiasdelparana.com.ar\/NuevaEdicion\/wp-json\/wp\/v2\/posts\/110885\/revisions"}],"predecessor-version":[{"id":110892,"href":"http:\/\/www.noticiasdelparana.com.ar\/NuevaEdicion\/wp-json\/wp\/v2\/posts\/110885\/revisions\/110892"}],"wp:attachment":[{"href":"http:\/\/www.noticiasdelparana.com.ar\/NuevaEdicion\/wp-json\/wp\/v2\/media?parent=110885"}],"wp:term":[{"taxonomy":"category","embeddable":true,"href":"http:\/\/www.noticiasdelparana.com.ar\/NuevaEdicion\/wp-json\/wp\/v2\/categories?post=110885"},{"taxonomy":"post_tag","embeddable":true,"href":"http:\/\/www.noticiasdelparana.com.ar\/NuevaEdicion\/wp-json\/wp\/v2\/tags?post=110885"}],"curies":[{"name":"wp","href":"https:\/\/api.w.org\/{rel}","templated":true}]}}