{"id":135613,"date":"2022-07-02T13:59:20","date_gmt":"2022-07-02T16:59:20","guid":{"rendered":"http:\/\/www.noticiasdelparana.com.ar\/NuevaEdicion\/?p=135613"},"modified":"2022-07-02T13:59:21","modified_gmt":"2022-07-02T16:59:21","slug":"chaco-la-bienal-2022-se-posiciona-como-la-mayor-experiencia-de-arte-publico-de-hispanoamerica-y-una-de-las-tres-mas-importantes-del-mundo","status":"publish","type":"post","link":"http:\/\/www.noticiasdelparana.com.ar\/NuevaEdicion\/2022\/07\/02\/chaco-la-bienal-2022-se-posiciona-como-la-mayor-experiencia-de-arte-publico-de-hispanoamerica-y-una-de-las-tres-mas-importantes-del-mundo\/","title":{"rendered":"CHACO: La Bienal 2022 Se Posiciona Como La Mayor Experiencia De Arte P\u00fablico De Hispanoam\u00e9rica Y Una De Las Tres M\u00e1s Importantes Del Mundo"},"content":{"rendered":"\n<p>A pocas semanas del inicio de la Bienal 2022, el Gobierno del Chaco present\u00f3 la agenda art\u00edstica y cultural de la nueva edici\u00f3n en el Museum, en las instalaciones del Domo del Centenario. \u201cCelebramos que la Bienal es posible gracias al aporte de Mecenazgo y el aporte de responsabilidad social para experiencias culturales a trav\u00e9s de Loter\u00eda Chaque\u00f1a&#8221;, destac\u00f3 el titular del Instituto de Cultura, Francisco Romero.<\/p>\n\n\n\n<p>Con producciones locales financiadas por la Ley Nacional de Mecenazgo y entidades del Estado, m\u00e1s de 500 artistas de distintos puntos de la provincia se congregar\u00e1n en este espacio pensado para la interacci\u00f3n y convivencia de propuestas de los m\u00e1s diversos g\u00e9neros. El arte ancestral y contempor\u00e1neo cruzar\u00e1 generaciones proponiendo nuevas expresiones manteniendo la identidad cultural.<\/p>\n\n\n\n<p>&#8220;En esta edici\u00f3n, quiero destacar el trabajo realizado con Francisco Ben\u00edtez por una Bienal Accesible, pensando en una diversidad de propuestas y accesos para personas con discapacidad. El 90 por ciento de fondos p\u00fablicos son volcados para la expresi\u00f3n cultural\u201d, resalt\u00f3 Romero.<\/p>\n\n\n\n<p>El funcionario puso en valor adem\u00e1s que \u201cla Bienal es&nbsp; la mayor experiencia de arte p\u00fablico de hispanoam\u00e9rica y una de la tres m\u00e1s importantes del mundo, que concierne a la escultura, a la transformaci\u00f3n de la materia prima en&nbsp; obra de arte que queda como patrimonio cultural de Resistencia y pr\u00f3xima a ser declarada como Patrimonio de la Humanidad por la UNESCO\u201d.<\/p>\n\n\n\n<p>Acompa\u00f1aron el lanzamiento la gerenta de Loter\u00eda Chaque\u00f1a, Patricia Rodr\u00edguez; el presidente del Instituto de Turismo, Ariel Ybarra; el presidente de la Fundaci\u00f3n Urunday, Jos\u00e9 Eidman; el curador y asesor de Fundaci\u00f3n Urunday, Gustavo Insaurralde; el presidente de Fundaci\u00f3n Chaco Cultural, Gonzalo Su\u00e1rez L\u00f3pez; el presidente de Fundaci\u00f3n Pradier (Festival Filarm\u00f3nico Internacional &#8211; Financiado CFI) C\u00e9sar Pradler y Francisco Ben\u00edtez del Centro Cultural Alternativo dependiente del ICCh.<\/p>\n\n\n\n<p>Presencia chaque\u00f1a<\/p>\n\n\n\n<p>El espacio del Instituto de Cultura del Chaco contar\u00e1 con diversos escenarios que proponen lecturas a cargo de escritores y escritoras de origen local, presentaciones teatrales, musicales y de danza con elencos integrados por artistas de distintos puntos de la provincia, beneficiarios y beneficiarias de programas de acompa\u00f1amiento del Instituto de Cultura en cogesti\u00f3n con Loter\u00eda Chaque\u00f1a, y de la propia Ley Nacional de Mecenazgo.<\/p>\n\n\n\n<p>Los departamentos de Letras, Danza, Teatro, Artes Visuales, Artesan\u00edas y Arte Popular, Cine y M\u00fasica, y los elencos Ballet Contempor\u00e1neo, Orquesta Sinf\u00f3nica, Coro Chelaalap\u00ed y Ni\u00f1os Cantores, organizaron las agenda art\u00edstica y cultural convocando a artistas con su diversidad de propuestas. el pr\u00f3ximo 16 al 23 de julio.<\/p>\n\n\n\n<p>Se invita a las y los chaque\u00f1os y a quienes visiten la provincia a seguir las novedades en la p\u00e1gina cultura.chaco.gob.ar o bien a trav\u00e9s de las cuentas oficiales en Instagram @chacocultura o Facebook \/Institutodecultura.&nbsp;<\/p>\n","protected":false},"excerpt":{"rendered":"<p>02-Jul-22  Lo ratific\u00f3 el presidente del Instituto de Cultura, Francisco Romero, tras presentar la agenda de la edici\u00f3n 2022 en el Domo del Centenario. Se esperan m\u00e1s de 500 artistas de la provincia.<\/p>\n","protected":false},"author":4,"featured_media":0,"comment_status":"closed","ping_status":"closed","sticky":false,"template":"","format":"standard","meta":[],"categories":[98],"tags":[],"_links":{"self":[{"href":"http:\/\/www.noticiasdelparana.com.ar\/NuevaEdicion\/wp-json\/wp\/v2\/posts\/135613"}],"collection":[{"href":"http:\/\/www.noticiasdelparana.com.ar\/NuevaEdicion\/wp-json\/wp\/v2\/posts"}],"about":[{"href":"http:\/\/www.noticiasdelparana.com.ar\/NuevaEdicion\/wp-json\/wp\/v2\/types\/post"}],"author":[{"embeddable":true,"href":"http:\/\/www.noticiasdelparana.com.ar\/NuevaEdicion\/wp-json\/wp\/v2\/users\/4"}],"replies":[{"embeddable":true,"href":"http:\/\/www.noticiasdelparana.com.ar\/NuevaEdicion\/wp-json\/wp\/v2\/comments?post=135613"}],"version-history":[{"count":1,"href":"http:\/\/www.noticiasdelparana.com.ar\/NuevaEdicion\/wp-json\/wp\/v2\/posts\/135613\/revisions"}],"predecessor-version":[{"id":135615,"href":"http:\/\/www.noticiasdelparana.com.ar\/NuevaEdicion\/wp-json\/wp\/v2\/posts\/135613\/revisions\/135615"}],"wp:attachment":[{"href":"http:\/\/www.noticiasdelparana.com.ar\/NuevaEdicion\/wp-json\/wp\/v2\/media?parent=135613"}],"wp:term":[{"taxonomy":"category","embeddable":true,"href":"http:\/\/www.noticiasdelparana.com.ar\/NuevaEdicion\/wp-json\/wp\/v2\/categories?post=135613"},{"taxonomy":"post_tag","embeddable":true,"href":"http:\/\/www.noticiasdelparana.com.ar\/NuevaEdicion\/wp-json\/wp\/v2\/tags?post=135613"}],"curies":[{"name":"wp","href":"https:\/\/api.w.org\/{rel}","templated":true}]}}