{"id":144946,"date":"2022-08-26T17:42:26","date_gmt":"2022-08-26T20:42:26","guid":{"rendered":"http:\/\/www.noticiasdelparana.com.ar\/NuevaEdicion\/?p=144946"},"modified":"2022-08-26T17:43:12","modified_gmt":"2022-08-26T20:43:12","slug":"decision-unanime-jurado-popular-emitio-veredicto-de-culpabilidad-por-abuso-sexual-agravado","status":"publish","type":"post","link":"http:\/\/www.noticiasdelparana.com.ar\/NuevaEdicion\/2022\/08\/26\/decision-unanime-jurado-popular-emitio-veredicto-de-culpabilidad-por-abuso-sexual-agravado\/","title":{"rendered":"CHACO: Decisi\u00f3n Un\u00e1nime: Jurado Popular Emiti\u00f3 Veredicto De Culpabilidad Por Abuso Sexual Agravado"},"content":{"rendered":"\n<p>Fue por los delitos de abuso sexual simple agravado y abuso sexual con acceso carnal, ambos doblemente agravados por el aprovechamiento de la situaci\u00f3n de convivencia y por ser encargado de la guarda de la persona menor de edad.<\/p>\n\n\n\n<p>Fue en el marco del vigesimotercer juicio bajo este sistema que se desarroll\u00f3 en la ciudad de Resistencia con la intervenci\u00f3n del camarista Ernesto Javier Azcona como juez t\u00e9cnico. Las partes estuvieron representadas por el fiscal de C\u00e1mara N\u00b0 1, Jorge G\u00f3mez; la defensora oficial N\u00b0 5, Daniela Acosta Calvo, como querellante y Mario Villafa\u00f1e en rol de defensor del imputado.<\/p>\n\n\n\n<figure class=\"wp-block-embed is-type-video is-provider-youtube wp-block-embed-youtube wp-embed-aspect-16-9 wp-has-aspect-ratio\"><div class=\"wp-block-embed__wrapper\">\n<iframe title=\"Juicio por Jurados N\u00ba 23 || Veredicto  - D\u00eda 4\" width=\"640\" height=\"360\" src=\"https:\/\/www.youtube.com\/embed\/5X0EASsp1oE?feature=oembed\" frameborder=\"0\" allow=\"accelerometer; autoplay; clipboard-write; encrypted-media; gyroscope; picture-in-picture\" allowfullscreen><\/iframe>\n<\/div><\/figure>\n\n\n\n<p>Las audiencias comenzaron el martes y se extendieron los d\u00edas siguientes hasta completar todas las etapas: selecci\u00f3n de jurados, instrucciones iniciales, alegatos de apertura, producci\u00f3n de la prueba, alegatos de cierre, instrucciones finales, deliberaci\u00f3n y veredicto.<\/p>\n","protected":false},"excerpt":{"rendered":"<p> 26-Agos-22   En el mediod\u00eda del viernes concluy\u00f3 un nuevo juicio por jurados con la lectura del veredicto a trav\u00e9s del cual declararon culpable a Mariano Gabriel Caram.<\/p>\n","protected":false},"author":3,"featured_media":0,"comment_status":"closed","ping_status":"closed","sticky":false,"template":"","format":"standard","meta":[],"categories":[98],"tags":[],"_links":{"self":[{"href":"http:\/\/www.noticiasdelparana.com.ar\/NuevaEdicion\/wp-json\/wp\/v2\/posts\/144946"}],"collection":[{"href":"http:\/\/www.noticiasdelparana.com.ar\/NuevaEdicion\/wp-json\/wp\/v2\/posts"}],"about":[{"href":"http:\/\/www.noticiasdelparana.com.ar\/NuevaEdicion\/wp-json\/wp\/v2\/types\/post"}],"author":[{"embeddable":true,"href":"http:\/\/www.noticiasdelparana.com.ar\/NuevaEdicion\/wp-json\/wp\/v2\/users\/3"}],"replies":[{"embeddable":true,"href":"http:\/\/www.noticiasdelparana.com.ar\/NuevaEdicion\/wp-json\/wp\/v2\/comments?post=144946"}],"version-history":[{"count":1,"href":"http:\/\/www.noticiasdelparana.com.ar\/NuevaEdicion\/wp-json\/wp\/v2\/posts\/144946\/revisions"}],"predecessor-version":[{"id":144949,"href":"http:\/\/www.noticiasdelparana.com.ar\/NuevaEdicion\/wp-json\/wp\/v2\/posts\/144946\/revisions\/144949"}],"wp:attachment":[{"href":"http:\/\/www.noticiasdelparana.com.ar\/NuevaEdicion\/wp-json\/wp\/v2\/media?parent=144946"}],"wp:term":[{"taxonomy":"category","embeddable":true,"href":"http:\/\/www.noticiasdelparana.com.ar\/NuevaEdicion\/wp-json\/wp\/v2\/categories?post=144946"},{"taxonomy":"post_tag","embeddable":true,"href":"http:\/\/www.noticiasdelparana.com.ar\/NuevaEdicion\/wp-json\/wp\/v2\/tags?post=144946"}],"curies":[{"name":"wp","href":"https:\/\/api.w.org\/{rel}","templated":true}]}}