{"id":170462,"date":"2023-01-27T09:00:36","date_gmt":"2023-01-27T12:00:36","guid":{"rendered":"http:\/\/www.noticiasdelparana.com.ar\/NuevaEdicion\/?p=170462"},"modified":"2023-01-27T14:24:56","modified_gmt":"2023-01-27T17:24:56","slug":"barranqueras-magda-ayala-celebro-la-apertura-de-sobres-para-la-repavimentacion-de-la-9-de-julio","status":"publish","type":"post","link":"http:\/\/www.noticiasdelparana.com.ar\/NuevaEdicion\/2023\/01\/27\/barranqueras-magda-ayala-celebro-la-apertura-de-sobres-para-la-repavimentacion-de-la-9-de-julio\/","title":{"rendered":"BARRANQUERAS: Magda Ayala Celebr\u00f3 La Apertura De Sobres De Licitaci\u00f3n Para La Repavimentaci\u00f3n De La 9 De Julio."},"content":{"rendered":"\n<p>Este jueves la intendente Magda Ayala junto al Gobernador Jorge Milton Capitanich y al Administrador General de Vialidad Provincial Ign Hugo Varela, realizaron la licitaci\u00f3n p\u00fablica de lo que ser\u00e1 la pavimentaci\u00f3n y repavimentaci\u00f3n de la avenida 9 de Julio.<\/p>\n\n\n\n<figure class=\"wp-block-image size-large\"><img src=\"http:\/\/www.noticiasdelparana.com.ar\/NuevaEdicion\/wp-content\/uploads\/2023\/01\/APERTURA-SOBRES-9JULIO.jpg\" alt=\"\" class=\"wp-image-170469\"\/><\/figure>\n\n\n\n<p>&nbsp;&nbsp;En este marco la intendenta de Barranqueras Magda Ayala celebr\u00f3 la licitaci\u00f3n de estas obras \u201ctan necesarias y esperadas por las y los vecinos&#8221;. \u201cEstamos muy felices porque hay muchas obras que marcan un antes y despu\u00e9s y vienen a generar mejor calidad de vida, el corredor es sumamente importante, es un gran \u00e1rea del comercio, y cumple un rol importante para la seguridad de la comunidad\u201d, agreg\u00f3 resalt\u00f3.<\/p>\n\n\n\n<p>La obra se comenzar\u00e1 a ejecutar entre 30 y 60 d\u00edas, prev\u00e9 un plazo de 12 meses y&nbsp; un presupuesto de $926.618.756,00, que ser\u00e1 financiado por el Programa de Desarrollo de Infraestructura Municipal del Banco de Desarrollo de Am\u00e9rica Latina.<\/p>\n\n\n\n<figure class=\"wp-block-image size-large\"><img src=\"http:\/\/www.noticiasdelparana.com.ar\/NuevaEdicion\/wp-content\/uploads\/2023\/01\/APERTURA-SOBRES-9JULIO12.jpg\" alt=\"\" class=\"wp-image-170467\"\/><\/figure>\n\n\n\n<p>LOS TRAMOS Y DETALLES DE OBRA<\/p>\n\n\n\n<p>El corredor interurbano de la avenida 9 de Julio prev\u00e9 la repavimentaci\u00f3n de tres tramos, que incluye parte de Resistencia y parte de Barranqueras: Tramo I: avenida 9 de julio entre calle Delfino Portela y avenida Espa\u00f1a\/Diagonal Eva Per\u00f3n, con una longitud aproximada de 2220 metros; Tramo II: avenida 9 de julio entre avenida Espa\u00f1a y avenida Gaboto, con longitud aproximada de 1650 metros; Tramo III: avenida Arribalzaga entre avenida Castelli y avenida 9 de Julio, con longitud aproximada de 1000 metros.<\/p>\n\n\n\n<p>Las obras de adecuaci\u00f3n hidr\u00e1ulica se realizar\u00e1n en calle Florida, que descarga en laguna negra, en avenida Luis A. Firpo que descarga en Laguna La Liguria y en calle Quebracho, tambi\u00e9n con descarga en Laguna La Liguria. Se realizar\u00e1n tres l\u00edneas de desag\u00fces pluviales, se\u00f1alizaci\u00f3n y habilitaci\u00f3n de espacios verdes.<\/p>\n\n\n\n<p>&nbsp;Adem\u00e1s en un tramo en Barranqueras se ensanchar\u00e1 tres metros y medio de cada lado para poner un cantero central.<\/p>\n","protected":false},"excerpt":{"rendered":"<p>27-Ene-23 El  tramo comprendido para Barranqueras va desde la Rotonda de Villa Monona hasta la Rotonda de Villa Forestaci\u00f3n.<\/p>\n","protected":false},"author":3,"featured_media":0,"comment_status":"closed","ping_status":"closed","sticky":false,"template":"","format":"standard","meta":[],"categories":[99,108],"tags":[],"_links":{"self":[{"href":"http:\/\/www.noticiasdelparana.com.ar\/NuevaEdicion\/wp-json\/wp\/v2\/posts\/170462"}],"collection":[{"href":"http:\/\/www.noticiasdelparana.com.ar\/NuevaEdicion\/wp-json\/wp\/v2\/posts"}],"about":[{"href":"http:\/\/www.noticiasdelparana.com.ar\/NuevaEdicion\/wp-json\/wp\/v2\/types\/post"}],"author":[{"embeddable":true,"href":"http:\/\/www.noticiasdelparana.com.ar\/NuevaEdicion\/wp-json\/wp\/v2\/users\/3"}],"replies":[{"embeddable":true,"href":"http:\/\/www.noticiasdelparana.com.ar\/NuevaEdicion\/wp-json\/wp\/v2\/comments?post=170462"}],"version-history":[{"count":3,"href":"http:\/\/www.noticiasdelparana.com.ar\/NuevaEdicion\/wp-json\/wp\/v2\/posts\/170462\/revisions"}],"predecessor-version":[{"id":170557,"href":"http:\/\/www.noticiasdelparana.com.ar\/NuevaEdicion\/wp-json\/wp\/v2\/posts\/170462\/revisions\/170557"}],"wp:attachment":[{"href":"http:\/\/www.noticiasdelparana.com.ar\/NuevaEdicion\/wp-json\/wp\/v2\/media?parent=170462"}],"wp:term":[{"taxonomy":"category","embeddable":true,"href":"http:\/\/www.noticiasdelparana.com.ar\/NuevaEdicion\/wp-json\/wp\/v2\/categories?post=170462"},{"taxonomy":"post_tag","embeddable":true,"href":"http:\/\/www.noticiasdelparana.com.ar\/NuevaEdicion\/wp-json\/wp\/v2\/tags?post=170462"}],"curies":[{"name":"wp","href":"https:\/\/api.w.org\/{rel}","templated":true}]}}