{"id":252526,"date":"2024-05-16T10:28:58","date_gmt":"2024-05-16T13:28:58","guid":{"rendered":"http:\/\/www.noticiasdelparana.com.ar\/NuevaEdicion\/?p=252526"},"modified":"2024-05-16T10:29:02","modified_gmt":"2024-05-16T13:29:02","slug":"corrientes-casa-de-gobierno-presentaron-la-5-fiesta-provincial-del-estofado","status":"publish","type":"post","link":"http:\/\/www.noticiasdelparana.com.ar\/NuevaEdicion\/2024\/05\/16\/corrientes-casa-de-gobierno-presentaron-la-5-fiesta-provincial-del-estofado\/","title":{"rendered":"CORRIENTES: Casa De Gobierno: Presentaron La 5\u00b0 Fiesta Provincial Del Estofado"},"content":{"rendered":"\n<p>En conferencia de prensa celebrada este mi\u00e9rcoles en el Sal\u00f3n Verde de Casa de Gobierno, se realiz\u00f3 el lanzamiento oficial de la 5\u00b0 Fiesta Provincial del Estofado, que se llevar\u00e1 a cabo el 1 y 2 de junio en inmediaciones del M\u00e9dano Hist\u00f3rico de la villa tur\u00edstica.<\/p>\n\n\n\n<p>Con entrada libre y gratuita, ser\u00e1n dos jornadas del gran evento gastron\u00f3mico que incorpora festival folkl\u00f3rico, elecci\u00f3n de embajadora, una expo con un paseo de comerciantes, auspiciantes y gastron\u00f3micos como as\u00ed tambi\u00e9n actividades ecuestres de destrezas gauchas, como doma y jineteada.<\/p>\n\n\n\n<p>La ubicaci\u00f3n del evento es en el M\u00e9dano Hist\u00f3rico, con ingreso por la calle Belgrano esquina C\u00f3rdoba y la Fiesta es organizada por la comuna local, contando con el apoyo del Gobierno provincial y la C\u00e1mara de Prestadores de Servicios Tur\u00edsticos de la localidad.<\/p>\n\n\n\n<p>&nbsp;&#8220;Paso de la Patria nos tiene acostumbrado a eventos de esta naturaleza, que forman parte del calendario tur\u00edstico provincial y con alcance nacional, con un gran trabajo de la municipalidad y de toda la comunidad&#8221;, manifest\u00f3 inicialmente Oscar Mac\u00edas, subsecretario de Desarrollo Tur\u00edstico.<\/p>\n\n\n\n<p>Casa de Gobierno: presentaron la 5\u00b0 Fiesta Provincial del Estofado<\/p>\n\n\n\n<p>Mac\u00edas a\u00f1adi\u00f3 que desde el Gobierno &#8220;apoyamos esta y todas las Fiestas a lo largo y a lo ancho de la Provincia, convencidos que el turismo es desarrollo y generaci\u00f3n de fuentes de trabajo&#8221;.<\/p>\n\n\n\n<p>Refiri\u00e9ndose al evento, el funcionario se\u00f1al\u00f3 que el &#8220;arte culinario de los correntinos est\u00e1 a la vista y es de excelencia&#8221;, agregando que &#8220;somos amantes de la cocina hecha por manos correntinas y qu\u00e9 mejor que quienes nos visitan puedan degustarla, en este caso con el estofado&#8221;.<\/p>\n\n\n\n<p>La viceintendenta de Paso de la Patria, Mar\u00eda Costaguta agradeci\u00f3 p\u00fablicamente el apoyo y la colaboraci\u00f3n de la Provincia, por medio del ministerio de Turismo, para la concreci\u00f3n del acontecimiento, a llevarse a cabo el 1 y 2 de junio en la villa tur\u00edstica.<\/p>\n\n\n\n<p>Siguiendo, Costaguta dio cuenta que &#8220;este evento no es solamente un concurso gastron\u00f3mico, sino que tambi\u00e9n nos permite mostrar nuestra identidad y tradici\u00f3n y con los sabores del estofado, los cuales generan reuniones entre amigos y familiares&#8221;.<\/p>\n\n\n\n<p>Inscripci\u00f3n y premios<\/p>\n\n\n\n<p>Casa de Gobierno: presentaron la 5\u00b0 Fiesta Provincial del Estofado<\/p>\n\n\n\n<p>Las inscripciones para participar del concurso gastron\u00f3mico est\u00e1n abiertas hasta el 1 de junio a las 10 y los valores de inscripci\u00f3n son los siguientes: hasta el 18 de mayo es de $5.000 y a partir del 19 de mayo, el costo es de $10.000. Se pueden realizar en la Secretar\u00eda de Turismo de la Municipalidad de Paso de la Patria, ubicada en 25 de mayo 542, en horario de 8 a 12.<\/p>\n\n\n\n<p>El detalle de los premios del concurso es el siguiente:<\/p>\n\n\n\n<p>1\u00b0 Premio: Horno Ken Brown de 68 litros, anafe a gas, paellera de hierro, juego de cuchillos y chaira, cuchara espumadera, alojamiento para 4 personas (2 noches).<\/p>\n\n\n\n<p>2\u00b0 Premio: Olla de 40 litros, anafe de hierro, paellera para 20 porciones, kit de 3 moldes para pastas, manga para rellenos, alojamiento para 2 personas (2 noches).<\/p>\n\n\n\n<p>3\u00b0 Premio: M\u00e1quina para pastas caseras, cacerola de 60 litros, colador, kit de 3 moldes para pastas, manga para rellenos, alojamiento para 2 personas (2 noches).<\/p>\n\n\n\n<p>Grilla de artistas<\/p>\n\n\n\n<p>S\u00c1BADO 1 DE JUNIO<\/p>\n\n\n\n<p>&#8211; \u00c1ngel Piciochi.<\/p>\n\n\n\n<p>&#8211; La Previa.<\/p>\n\n\n\n<p>&#8211; Consuelo Castillo.<\/p>\n\n\n\n<p>&#8211; Los Originales.<\/p>\n\n\n\n<p>&#8211; Sebasti\u00e1n y Joaqu\u00edn Cabrera y su Conjunto.<\/p>\n\n\n\n<p>&#8211; Los del R\u00edo.<\/p>\n\n\n\n<p>&#8211; La Rumba.<\/p>\n\n\n\n<p>DOMINGO 2 DE JUNIO<\/p>\n\n\n\n<p>&#8211; Los Chaque Che.<\/p>\n\n\n\n<p>&#8211; Los Rom\u00e1nticos.<\/p>\n\n\n\n<p>&#8211; Horacio Torres y su Conjunto.<\/p>\n\n\n\n<p>&#8211; Ariel Gauna y su Nueva Propuesta.<\/p>\n\n\n\n<p>&#8211; Los Andariegos del Chamam\u00e9.<\/p>\n\n\n\n<p>Presencias<\/p>\n\n\n\n<p>En la oportunidad estuvieron presentes, el subsecretario de Desarrollo Tur\u00edstico Regional y Coordinaci\u00f3n del ministerio de Turismo de la Provincia, Oscar Mac\u00edas, la viceintendente de Paso de la Patria, Mar\u00eda Gloria Costaguta, el secretario de Turismo de dicha comuna, Nahuel Ramos y en representaci\u00f3n de la organizaci\u00f3n, Cristian Acosta, Sergio Acosta y Oscar Sosa<\/p>\n","protected":false},"excerpt":{"rendered":"<p>16-May-24 Ser\u00e1 el 1 y 2 de junio en el M\u00e9dano Hist\u00f3rico de la villa tur\u00edstica.<\/p>\n","protected":false},"author":3,"featured_media":0,"comment_status":"closed","ping_status":"closed","sticky":false,"template":"","format":"standard","meta":[],"categories":[139],"tags":[],"_links":{"self":[{"href":"http:\/\/www.noticiasdelparana.com.ar\/NuevaEdicion\/wp-json\/wp\/v2\/posts\/252526"}],"collection":[{"href":"http:\/\/www.noticiasdelparana.com.ar\/NuevaEdicion\/wp-json\/wp\/v2\/posts"}],"about":[{"href":"http:\/\/www.noticiasdelparana.com.ar\/NuevaEdicion\/wp-json\/wp\/v2\/types\/post"}],"author":[{"embeddable":true,"href":"http:\/\/www.noticiasdelparana.com.ar\/NuevaEdicion\/wp-json\/wp\/v2\/users\/3"}],"replies":[{"embeddable":true,"href":"http:\/\/www.noticiasdelparana.com.ar\/NuevaEdicion\/wp-json\/wp\/v2\/comments?post=252526"}],"version-history":[{"count":1,"href":"http:\/\/www.noticiasdelparana.com.ar\/NuevaEdicion\/wp-json\/wp\/v2\/posts\/252526\/revisions"}],"predecessor-version":[{"id":252530,"href":"http:\/\/www.noticiasdelparana.com.ar\/NuevaEdicion\/wp-json\/wp\/v2\/posts\/252526\/revisions\/252530"}],"wp:attachment":[{"href":"http:\/\/www.noticiasdelparana.com.ar\/NuevaEdicion\/wp-json\/wp\/v2\/media?parent=252526"}],"wp:term":[{"taxonomy":"category","embeddable":true,"href":"http:\/\/www.noticiasdelparana.com.ar\/NuevaEdicion\/wp-json\/wp\/v2\/categories?post=252526"},{"taxonomy":"post_tag","embeddable":true,"href":"http:\/\/www.noticiasdelparana.com.ar\/NuevaEdicion\/wp-json\/wp\/v2\/tags?post=252526"}],"curies":[{"name":"wp","href":"https:\/\/api.w.org\/{rel}","templated":true}]}}