{"id":277181,"date":"2024-10-04T14:51:55","date_gmt":"2024-10-04T17:51:55","guid":{"rendered":"http:\/\/www.noticiasdelparana.com.ar\/NuevaEdicion\/?p=277181"},"modified":"2024-10-04T14:51:59","modified_gmt":"2024-10-04T17:51:59","slug":"resistencia-pavimentacion-y-desagues-la-semana-que-viene-se-habilitaria-la-rotonda-de-paraguay-y-velez","status":"publish","type":"post","link":"http:\/\/www.noticiasdelparana.com.ar\/NuevaEdicion\/2024\/10\/04\/resistencia-pavimentacion-y-desagues-la-semana-que-viene-se-habilitaria-la-rotonda-de-paraguay-y-velez\/","title":{"rendered":"RESISTENCIA:  Pavimentaci\u00f3n Y Desag\u00fces: La Semana Que Viene Se Habilitar\u00eda La Rotonda De Paraguay Y V\u00e9lez"},"content":{"rendered":"\n<p>La obra de repavimentaci\u00f3n y desag\u00fces de la intersecci\u00f3n de avenidas Paraguay y V\u00e9lez S\u00e1rsfield estar\u00eda habilitada la semana que viene, siempre que las condiciones del tiempo la permitan.&nbsp;<\/p>\n\n\n\n<p>La intervenci\u00f3n es ejecutada, de manera conjunta, por la Municipalidad de Resistencia y la empresa Sameep y demand\u00f3 un largo tiempo debido a la reparaci\u00f3n y reemplazo de los conductos de desag\u00fces pluviales y de los que distribuyen agua potable. Desde entonces, el tr\u00e1nsito vehicular fue restringido en ambas avenidas.<\/p>\n\n\n\n<p>Al respecto habl\u00f3 Javier Mattina, subsecretario de Obras P\u00fablicas comunal: \u201cSe trabaj\u00f3 a ra\u00edz de la rotura de un desag\u00fce pluvial que tambi\u00e9n perjudic\u00f3 el sistema de cloacas\u201d.<\/p>\n\n\n\n<p>\u201cEs un suelo inestable, no se pod\u00eda trabajar y eso demand\u00f3 tiempo, cost\u00f3 bastante repararlo pero ya llegamos al cierre, restando la pavimentaci\u00f3n\u201d, agreg\u00f3, recordando que esta socavaci\u00f3n del terreno acarre\u00f3, tambi\u00e9n, otros problemas a los vecinos de la zona, como ser baja presi\u00f3n de agua.<\/p>\n\n\n\n<p>\u201cHab\u00eda ca\u00f1er\u00edas muy antiguas pero ya las reemplazamos con ca\u00f1os de PEAD (Polietileno de Alta Densidad) que son m\u00e1s flexibles\u201d, subray\u00f3.<\/p>\n\n\n\n<p>En consecuencia, solo resta colocar RDC (relleno de densidad controlada) en la subbase y base para luego empezar a hormigonar.<\/p>\n","protected":false},"excerpt":{"rendered":"<p>04-Oct-24 Este mi\u00e9rcoles estaba previsto la colocaci\u00f3n del hormig\u00f3n pero debido a las inclemencias clim\u00e1ticas se posterg\u00f3. <\/p>\n","protected":false},"author":3,"featured_media":0,"comment_status":"closed","ping_status":"closed","sticky":false,"template":"","format":"standard","meta":[],"categories":[102],"tags":[],"_links":{"self":[{"href":"http:\/\/www.noticiasdelparana.com.ar\/NuevaEdicion\/wp-json\/wp\/v2\/posts\/277181"}],"collection":[{"href":"http:\/\/www.noticiasdelparana.com.ar\/NuevaEdicion\/wp-json\/wp\/v2\/posts"}],"about":[{"href":"http:\/\/www.noticiasdelparana.com.ar\/NuevaEdicion\/wp-json\/wp\/v2\/types\/post"}],"author":[{"embeddable":true,"href":"http:\/\/www.noticiasdelparana.com.ar\/NuevaEdicion\/wp-json\/wp\/v2\/users\/3"}],"replies":[{"embeddable":true,"href":"http:\/\/www.noticiasdelparana.com.ar\/NuevaEdicion\/wp-json\/wp\/v2\/comments?post=277181"}],"version-history":[{"count":1,"href":"http:\/\/www.noticiasdelparana.com.ar\/NuevaEdicion\/wp-json\/wp\/v2\/posts\/277181\/revisions"}],"predecessor-version":[{"id":277183,"href":"http:\/\/www.noticiasdelparana.com.ar\/NuevaEdicion\/wp-json\/wp\/v2\/posts\/277181\/revisions\/277183"}],"wp:attachment":[{"href":"http:\/\/www.noticiasdelparana.com.ar\/NuevaEdicion\/wp-json\/wp\/v2\/media?parent=277181"}],"wp:term":[{"taxonomy":"category","embeddable":true,"href":"http:\/\/www.noticiasdelparana.com.ar\/NuevaEdicion\/wp-json\/wp\/v2\/categories?post=277181"},{"taxonomy":"post_tag","embeddable":true,"href":"http:\/\/www.noticiasdelparana.com.ar\/NuevaEdicion\/wp-json\/wp\/v2\/tags?post=277181"}],"curies":[{"name":"wp","href":"https:\/\/api.w.org\/{rel}","templated":true}]}}