{"id":295418,"date":"2025-02-02T17:43:39","date_gmt":"2025-02-02T20:43:39","guid":{"rendered":"http:\/\/www.noticiasdelparana.com.ar\/NuevaEdicion\/?p=295418"},"modified":"2025-02-02T17:45:46","modified_gmt":"2025-02-02T20:45:46","slug":"resistencia-147-aniversario-de-resistencia-la-banda-municipal-celebro-sus-90-anos-de-vida","status":"publish","type":"post","link":"http:\/\/www.noticiasdelparana.com.ar\/NuevaEdicion\/2025\/02\/02\/resistencia-147-aniversario-de-resistencia-la-banda-municipal-celebro-sus-90-anos-de-vida\/","title":{"rendered":"RESISTENCIA:  147\u00b0 Aniversario De Resistencia: La Banda Municipal Celebr\u00f3 Sus 90 A\u00f1os De Vida"},"content":{"rendered":"\n<p>Su director, David Aguirre, dijo al respecto que \u201clo celebramos en este escenario especial del Parque 2 de Febrero, festejando nuestros j\u00f3venes 90 a\u00f1os\u201d.<\/p>\n\n\n\n<p>\u201cNos preparamos mucho durante la semana que pas\u00f3 para brindar este concierto con un repertorio bastante variado para todos los gustos, con folclore, tango y ritmos latinos\u201d, agreg\u00f3.<\/p>\n\n\n\n<figure class=\"wp-block-image size-large\"><img src=\"https:\/\/www.noticiasdelparana.com.ar\/NuevaEdicion\/wp-content\/uploads\/2025\/02\/hugo.jpg\" alt=\"\" class=\"wp-image-295420\"\/><\/figure>\n\n\n\n<p>Esta tradicional banda est\u00e1 integrada por 38 m\u00fasicos permanentes y en ocasi\u00f3n de conciertos de mayor magnitud, suman 5 o 6 invitados.<\/p>\n\n\n\n<p>\u201cHay personal de cuarta generaci\u00f3n, como los Flashka o los Romero, nos une la m\u00fasica\u201d, asever\u00f3.<\/p>\n\n\n\n<p>Mientras que la secretaria de Cultura y Turismo municipal, B\u00e1rbara L\u00f6sch Rosciani, se\u00f1al\u00f3: \u201cEstamos muy contentos de disfrutar de esta hist\u00f3rica banda, siempre acompa\u00f1\u00e1ndonos con su repertorio variado\u201d.<\/p>\n","protected":false},"excerpt":{"rendered":"<p> 02-Feb-25  La Banda Municipal de M\u00fasica \u201cLuis Omobono  Gusberti\u201d festej\u00f3 los 90 a\u00f1os de vida con un concierto para los vecinos. Fue en el Anfiteatro Griego y en el marco del fin de semana de celebraci\u00f3n del 147\u00b0 aniversario de la fundaci\u00f3n de la ciudad de Resistencia.<\/p>\n","protected":false},"author":4,"featured_media":0,"comment_status":"closed","ping_status":"closed","sticky":false,"template":"","format":"standard","meta":[],"categories":[102],"tags":[],"_links":{"self":[{"href":"http:\/\/www.noticiasdelparana.com.ar\/NuevaEdicion\/wp-json\/wp\/v2\/posts\/295418"}],"collection":[{"href":"http:\/\/www.noticiasdelparana.com.ar\/NuevaEdicion\/wp-json\/wp\/v2\/posts"}],"about":[{"href":"http:\/\/www.noticiasdelparana.com.ar\/NuevaEdicion\/wp-json\/wp\/v2\/types\/post"}],"author":[{"embeddable":true,"href":"http:\/\/www.noticiasdelparana.com.ar\/NuevaEdicion\/wp-json\/wp\/v2\/users\/4"}],"replies":[{"embeddable":true,"href":"http:\/\/www.noticiasdelparana.com.ar\/NuevaEdicion\/wp-json\/wp\/v2\/comments?post=295418"}],"version-history":[{"count":1,"href":"http:\/\/www.noticiasdelparana.com.ar\/NuevaEdicion\/wp-json\/wp\/v2\/posts\/295418\/revisions"}],"predecessor-version":[{"id":295421,"href":"http:\/\/www.noticiasdelparana.com.ar\/NuevaEdicion\/wp-json\/wp\/v2\/posts\/295418\/revisions\/295421"}],"wp:attachment":[{"href":"http:\/\/www.noticiasdelparana.com.ar\/NuevaEdicion\/wp-json\/wp\/v2\/media?parent=295418"}],"wp:term":[{"taxonomy":"category","embeddable":true,"href":"http:\/\/www.noticiasdelparana.com.ar\/NuevaEdicion\/wp-json\/wp\/v2\/categories?post=295418"},{"taxonomy":"post_tag","embeddable":true,"href":"http:\/\/www.noticiasdelparana.com.ar\/NuevaEdicion\/wp-json\/wp\/v2\/tags?post=295418"}],"curies":[{"name":"wp","href":"https:\/\/api.w.org\/{rel}","templated":true}]}}