{"id":351422,"date":"2026-02-20T09:34:40","date_gmt":"2026-02-20T12:34:40","guid":{"rendered":"http:\/\/www.noticiasdelparana.com.ar\/NuevaEdicion\/?p=351422"},"modified":"2026-02-20T09:34:43","modified_gmt":"2026-02-20T12:34:43","slug":"corrientes-millonarias-perdidas-de-productores-en-el-sur-correntino-tras-la-tormenta-y-granizo-de-ayer","status":"publish","type":"post","link":"http:\/\/www.noticiasdelparana.com.ar\/NuevaEdicion\/2026\/02\/20\/corrientes-millonarias-perdidas-de-productores-en-el-sur-correntino-tras-la-tormenta-y-granizo-de-ayer\/","title":{"rendered":"CORRIENTES: Millonarias P\u00e9rdidas De Productores En El Sur Correntino Tras La Tormenta Y Granizo De Ayer"},"content":{"rendered":"\n<p>Durante la madrugada de este jueves lleg\u00f3 al extremo sur correntino. En Mocoret\u00e1 las piedras, de variado tama\u00f1o y cantidad, termin\u00f3 reventando el citrus que se encontraban en plena etapa de crecimiento.<\/p>\n\n\n\n<p>En esa zona tambi\u00e9n le provoc\u00f3 la muerte a una oveja. No habr\u00eda podido encontrar refugio durante el temporal.<\/p>\n\n\n\n<p>Mientras tanto, las r\u00e1fagas de viento avanzaron sobre el resto de la provincia con su poder destructivo sobre el mediod\u00eda de ayer.<\/p>\n\n\n\n<p>Con r\u00e1fagas de entre 50 y 80 km.\/hora destruy\u00f3 una importante cantidad de tendaleros en la zona de Lavalle, Santa Luc\u00eda y Bella Vista.<\/p>\n\n\n\n<p>Tambi\u00e9n en el sur correntino, en la ciudad de Monte Caseros, varios barrios quedaron bajo agua debido al temporal.<\/p>\n","protected":false},"excerpt":{"rendered":"<p>20-Feb-26 El fuerte temporal que azot\u00f3 a casi toda la provincia de Corrientes, en la jornada de ayer jueves 19\/02, dej\u00f3 numerosas consecuencias en las extensiones agr\u00edcolas y ganaderas..<\/p>\n","protected":false},"author":3,"featured_media":351429,"comment_status":"closed","ping_status":"closed","sticky":false,"template":"","format":"standard","meta":[],"categories":[139],"tags":[],"_links":{"self":[{"href":"http:\/\/www.noticiasdelparana.com.ar\/NuevaEdicion\/wp-json\/wp\/v2\/posts\/351422"}],"collection":[{"href":"http:\/\/www.noticiasdelparana.com.ar\/NuevaEdicion\/wp-json\/wp\/v2\/posts"}],"about":[{"href":"http:\/\/www.noticiasdelparana.com.ar\/NuevaEdicion\/wp-json\/wp\/v2\/types\/post"}],"author":[{"embeddable":true,"href":"http:\/\/www.noticiasdelparana.com.ar\/NuevaEdicion\/wp-json\/wp\/v2\/users\/3"}],"replies":[{"embeddable":true,"href":"http:\/\/www.noticiasdelparana.com.ar\/NuevaEdicion\/wp-json\/wp\/v2\/comments?post=351422"}],"version-history":[{"count":1,"href":"http:\/\/www.noticiasdelparana.com.ar\/NuevaEdicion\/wp-json\/wp\/v2\/posts\/351422\/revisions"}],"predecessor-version":[{"id":351430,"href":"http:\/\/www.noticiasdelparana.com.ar\/NuevaEdicion\/wp-json\/wp\/v2\/posts\/351422\/revisions\/351430"}],"wp:featuredmedia":[{"embeddable":true,"href":"http:\/\/www.noticiasdelparana.com.ar\/NuevaEdicion\/wp-json\/wp\/v2\/media\/351429"}],"wp:attachment":[{"href":"http:\/\/www.noticiasdelparana.com.ar\/NuevaEdicion\/wp-json\/wp\/v2\/media?parent=351422"}],"wp:term":[{"taxonomy":"category","embeddable":true,"href":"http:\/\/www.noticiasdelparana.com.ar\/NuevaEdicion\/wp-json\/wp\/v2\/categories?post=351422"},{"taxonomy":"post_tag","embeddable":true,"href":"http:\/\/www.noticiasdelparana.com.ar\/NuevaEdicion\/wp-json\/wp\/v2\/tags?post=351422"}],"curies":[{"name":"wp","href":"https:\/\/api.w.org\/{rel}","templated":true}]}}