{"id":358540,"date":"2026-04-04T09:46:27","date_gmt":"2026-04-04T12:46:27","guid":{"rendered":"http:\/\/www.noticiasdelparana.com.ar\/NuevaEdicion\/?p=358540"},"modified":"2026-04-04T09:46:30","modified_gmt":"2026-04-04T12:46:30","slug":"barranqueras-este-domingo-se-realizara-el-gran-festival-popular-por-el-aniversario-de-la-ciudad","status":"publish","type":"post","link":"http:\/\/www.noticiasdelparana.com.ar\/NuevaEdicion\/2026\/04\/04\/barranqueras-este-domingo-se-realizara-el-gran-festival-popular-por-el-aniversario-de-la-ciudad\/","title":{"rendered":"BARRANQUERAS: Este Domingo Se Realizar\u00e1 El Gran Festival Popular Por El Aniversario De La Ciudad"},"content":{"rendered":"\n<p>&nbsp;Bajo el lema \u201cBarranqueras Marca Identidad\u201d, la comunidad est\u00e1 invitada a participar del Gran Festival \u2013 Celebremos la historia de nuestro pueblo, una jornada que reunir\u00e1 cultura, gastronom\u00eda, emprendedores, m\u00fasica y espect\u00e1culos en vivo.<\/p>\n\n\n\n<p>La actividad se llevar\u00e1 a cabo este domingo 5 de abril, a partir de las 18 horas, sobre la Diagonal Eva Per\u00f3n, en el tramo comprendido entre las calles 300 y 500, con entrada libre y gratuita.<\/p>\n\n\n\n<p><strong>Una propuesta para disfrutar en familia<\/strong><\/p>\n\n\n\n<p>El festival busca convertirse en uno de los momentos centrales de la celebraci\u00f3n del D\u00eda del Pueblo Barranqueras, ofreciendo un amplio paseo para que vecinos y visitantes puedan recorrer, compartir y disfrutar de una tarde-noche especial.<\/p>\n\n\n\n<p>Durante la jornada habr\u00e1 presencia de emprendedores, comercios locales, paseo gastron\u00f3mico, cerveza artesanal, adem\u00e1s de la participaci\u00f3n de la Uni\u00f3n de Colectividades, academias de danza y diferentes expresiones culturales que pondr\u00e1n en valor la identidad barranquere\u00f1a.<\/p>\n\n\n\n<p><strong>M\u00fasica, danza y artistas en vivo<\/strong><\/p>\n\n\n\n<p>La programaci\u00f3n art\u00edstica tambi\u00e9n promete una noche cargada de talento y variedad sobre el escenario, con la participaci\u00f3n de artistas y grupos que formar\u00e1n parte de la grilla oficial.<\/p>\n\n\n\n<p>Entre los espect\u00e1culos confirmados se encuentran Los Huaris, Mar\u00eda Ang\u00e9lica Funes, Yani Yaniselli, Hugo Bargas y su Banda, Colectividades del Chaco, la Escuela de Formaci\u00f3n Art\u00edstica \u201cLuz Argentina\u201d, Los Paisanos, Las Estrellas y el gran cierre musical que estar\u00e1 a cargo de Lucas L\u00f3pez.<\/p>\n\n\n\n<p><strong>Una invitaci\u00f3n a celebrar la identidad de la ciudad<\/strong><\/p>\n\n\n\n<p>Desde la secretaria de cultura y turismo del municipio destacaron que esta propuesta apunta a reunir a la comunidad en un espacio de encuentro, celebraci\u00f3n y reconocimiento de la historia local, en el marco de una fecha significativa para todos.<\/p>\n\n\n\n<p>Ser\u00e1 una oportunidad para disfrutar de una noche distinta, con actividades para todas las edades, buena m\u00fasica, danzas, sabores y una fuerte presencia de la cultura local.<br><\/p>\n","protected":false},"excerpt":{"rendered":"<p>04-Abr-26    En el marco de los festejos por un nuevo aniversario de la ciudad, Barranqueras vivir\u00e1 ma\u00f1ana una gran fiesta popular con una propuesta pensada para toda la familia.<\/p>\n","protected":false},"author":3,"featured_media":358541,"comment_status":"closed","ping_status":"closed","sticky":false,"template":"","format":"standard","meta":[],"categories":[99,108],"tags":[],"_links":{"self":[{"href":"http:\/\/www.noticiasdelparana.com.ar\/NuevaEdicion\/wp-json\/wp\/v2\/posts\/358540"}],"collection":[{"href":"http:\/\/www.noticiasdelparana.com.ar\/NuevaEdicion\/wp-json\/wp\/v2\/posts"}],"about":[{"href":"http:\/\/www.noticiasdelparana.com.ar\/NuevaEdicion\/wp-json\/wp\/v2\/types\/post"}],"author":[{"embeddable":true,"href":"http:\/\/www.noticiasdelparana.com.ar\/NuevaEdicion\/wp-json\/wp\/v2\/users\/3"}],"replies":[{"embeddable":true,"href":"http:\/\/www.noticiasdelparana.com.ar\/NuevaEdicion\/wp-json\/wp\/v2\/comments?post=358540"}],"version-history":[{"count":1,"href":"http:\/\/www.noticiasdelparana.com.ar\/NuevaEdicion\/wp-json\/wp\/v2\/posts\/358540\/revisions"}],"predecessor-version":[{"id":358542,"href":"http:\/\/www.noticiasdelparana.com.ar\/NuevaEdicion\/wp-json\/wp\/v2\/posts\/358540\/revisions\/358542"}],"wp:featuredmedia":[{"embeddable":true,"href":"http:\/\/www.noticiasdelparana.com.ar\/NuevaEdicion\/wp-json\/wp\/v2\/media\/358541"}],"wp:attachment":[{"href":"http:\/\/www.noticiasdelparana.com.ar\/NuevaEdicion\/wp-json\/wp\/v2\/media?parent=358540"}],"wp:term":[{"taxonomy":"category","embeddable":true,"href":"http:\/\/www.noticiasdelparana.com.ar\/NuevaEdicion\/wp-json\/wp\/v2\/categories?post=358540"},{"taxonomy":"post_tag","embeddable":true,"href":"http:\/\/www.noticiasdelparana.com.ar\/NuevaEdicion\/wp-json\/wp\/v2\/tags?post=358540"}],"curies":[{"name":"wp","href":"https:\/\/api.w.org\/{rel}","templated":true}]}}