{"id":358629,"date":"2026-04-04T19:55:03","date_gmt":"2026-04-04T22:55:03","guid":{"rendered":"http:\/\/www.noticiasdelparana.com.ar\/NuevaEdicion\/?p=358629"},"modified":"2026-04-04T19:55:06","modified_gmt":"2026-04-04T22:55:06","slug":"puerto-tirol-detienen-a-un-hombre-con-pedido-de-captura-tras-presentarse-a-realizar-una-denuncia","status":"publish","type":"post","link":"http:\/\/www.noticiasdelparana.com.ar\/NuevaEdicion\/2026\/04\/04\/puerto-tirol-detienen-a-un-hombre-con-pedido-de-captura-tras-presentarse-a-realizar-una-denuncia\/","title":{"rendered":"PUERTO TIROL: Detienen A Un Hombre Con Pedido De Captura Tras Presentarse A Realizar Una Denuncia"},"content":{"rendered":"\n<p>El hecho ocurri\u00f3 alrededor de las 17, en la Comisar\u00eda de Puerto Tirol, cuando el ciudadano se present\u00f3 espont\u00e1neamente en la unidad con la intenci\u00f3n de radicar una denuncia. Al verificar sus datos personales a trav\u00e9s del Sistema de Gesti\u00f3n Biom\u00e9trica (SI.GE.BI.), los uniformados constataron que el sujeto figuraba con un &#8220;pedido de aprehensi\u00f3n&#8221; desde febrero de 2025.<\/p>\n\n\n\n<p>La orden judicial guardaba relaci\u00f3n con una causa por supuesta infracci\u00f3n al art\u00edculo 106\u00b0 del C\u00f3digo de Faltas Provincial, referente a la &#8220;quema de vegetaci\u00f3n&#8221;, tramitada ante el Juzgado de Paz y Faltas local.<\/p>\n\n\n\n<p>Tras la consulta con el magistrado interviniente, el Dr. Carlos Ariel Alonso, se dispuso la notificaci\u00f3n del acta contravencional correspondiente. Posteriormente, el hombre recuper\u00f3 su libertad supeditada, bajo la obligaci\u00f3n de comparecer ante el juzgado para regularizar su situaci\u00f3n legal.<\/p>\n","protected":false},"excerpt":{"rendered":"<p>04-Abr-26 Un joven de 28 a\u00f1os qued\u00f3 a disposici\u00f3n de la justicia esta tarde luego de que el sistema inform\u00e1tico policial detectara que sobre \u00e9l pesaba una orden de detenci\u00f3n vigente por una causa contravencional.<\/p>\n","protected":false},"author":3,"featured_media":358630,"comment_status":"closed","ping_status":"closed","sticky":false,"template":"","format":"standard","meta":[],"categories":[100],"tags":[],"_links":{"self":[{"href":"http:\/\/www.noticiasdelparana.com.ar\/NuevaEdicion\/wp-json\/wp\/v2\/posts\/358629"}],"collection":[{"href":"http:\/\/www.noticiasdelparana.com.ar\/NuevaEdicion\/wp-json\/wp\/v2\/posts"}],"about":[{"href":"http:\/\/www.noticiasdelparana.com.ar\/NuevaEdicion\/wp-json\/wp\/v2\/types\/post"}],"author":[{"embeddable":true,"href":"http:\/\/www.noticiasdelparana.com.ar\/NuevaEdicion\/wp-json\/wp\/v2\/users\/3"}],"replies":[{"embeddable":true,"href":"http:\/\/www.noticiasdelparana.com.ar\/NuevaEdicion\/wp-json\/wp\/v2\/comments?post=358629"}],"version-history":[{"count":1,"href":"http:\/\/www.noticiasdelparana.com.ar\/NuevaEdicion\/wp-json\/wp\/v2\/posts\/358629\/revisions"}],"predecessor-version":[{"id":358631,"href":"http:\/\/www.noticiasdelparana.com.ar\/NuevaEdicion\/wp-json\/wp\/v2\/posts\/358629\/revisions\/358631"}],"wp:featuredmedia":[{"embeddable":true,"href":"http:\/\/www.noticiasdelparana.com.ar\/NuevaEdicion\/wp-json\/wp\/v2\/media\/358630"}],"wp:attachment":[{"href":"http:\/\/www.noticiasdelparana.com.ar\/NuevaEdicion\/wp-json\/wp\/v2\/media?parent=358629"}],"wp:term":[{"taxonomy":"category","embeddable":true,"href":"http:\/\/www.noticiasdelparana.com.ar\/NuevaEdicion\/wp-json\/wp\/v2\/categories?post=358629"},{"taxonomy":"post_tag","embeddable":true,"href":"http:\/\/www.noticiasdelparana.com.ar\/NuevaEdicion\/wp-json\/wp\/v2\/tags?post=358629"}],"curies":[{"name":"wp","href":"https:\/\/api.w.org\/{rel}","templated":true}]}}