{"id":358642,"date":"2026-04-04T20:29:12","date_gmt":"2026-04-04T23:29:12","guid":{"rendered":"http:\/\/www.noticiasdelparana.com.ar\/NuevaEdicion\/?p=358642"},"modified":"2026-04-04T20:49:10","modified_gmt":"2026-04-04T23:49:10","slug":"puerto-vilelas-torneo-federal-a-el-verde-goleo-a-boca-unidos","status":"publish","type":"post","link":"http:\/\/www.noticiasdelparana.com.ar\/NuevaEdicion\/2026\/04\/04\/puerto-vilelas-torneo-federal-a-el-verde-goleo-a-boca-unidos\/","title":{"rendered":"PUERTO VILELAS: Torneo Federal A: El Verde Gole\u00f3 A Boca Unidos"},"content":{"rendered":"\n<p>BOCA UNIDOS (2): Luis Ojeda; Ataliva Schweizer; Bryan Mendoza; Alejandro Leani; Gustavo Mbombaj, Lautaro Ludue\u00f1a, Claudio Alonso, Tiago Villanueva; Cristian Chavez; Daniel Villalba; Saul Abecasis. DT: Lucas Batistuta.<\/p>\n\n\n\n<p>DEFENSORES DE VILELAS (4): Leandro Ledesma; Bruno Prieto, Brian Berlo, Leonardo Navarro, Nahuel Molina; Lautaro Ram\u00edrez Remotti, Joaqu\u00edn Acevedo; Gonz\u00e1lo Ca\u00f1ete; Gustavo Carballo; Leonel Niz, Rodrigo Montenegro. DT: Joaqu\u00edn Esp\u00edndola.<\/p>\n\n\n\n<p>GOLES: 2\u00b4PT Claudio Alonso (BU). 20\u00b4PT Gustavo Carballo (DV). 40\u00b4PT Gonzalo Ca\u00f1ete (DV). 18\u00b4ST Gonzalo Ca\u00f1ete (DV). 36\u00b4ST Mart\u00edn Ojeda (BU). 38\u00b4ST Jonathan Canario (DV).<\/p>\n\n\n\n<p>INCIDENCIAS:<\/p>\n\n\n\n<p>CAMBIOS: ST Lucio Velazco por Saul Abecasis (BU). 7\u00b4ST Leandro G\u00f3mez por Bryan Mendoza(BU). 20\u00b4ST Mart\u00edn Ojeda por Daniel Villalba (BU). 20\u00b4ST Lautaro Mendoza por Lautaro Ludue\u00f1a (BU). 21\u00b4ST Carlos Molina por Leonel Niz (DV). 21\u00b4ST Jonathan Canario por Gustavo Carballo (DV). 25\u00b4ST Santiago Robledo por Gonzalo Ca\u00f1ete(DV). 25\u00b4ST Antonio Medina por Cristian Chavez (BU). 33\u00b4ST Joaqu\u00edn Acevedo por Maximiliano Acevedo (DV). Bruno Prieto por Facundo Fern\u00e1ndez (DV).<\/p>\n\n\n\n<p>\u00c1RBITRO: C\u00e9sar Ceballo.<\/p>\n\n\n\n<p>ASISTENTES: Dalma P\u00e9rez y Bruno Pezzotta.<\/p>\n\n\n\n<p>CANCHA: Leoncio Ben\u00edtez.<\/p>\n\n\n\n<p>FOTO: Prensa de Def. de Vilelas<\/p>\n","protected":false},"excerpt":{"rendered":"<p>04-Abr-26 Por la tercera fecha del Torneo Federal &#8220;A&#8221; Defensores de Vilelas dio vuelta el partido y gan\u00f3 en Corrientes a Boca Unidos por 4 a 2.<br \/>\nNoticia en desarrollo <\/p>\n","protected":false},"author":3,"featured_media":358643,"comment_status":"closed","ping_status":"closed","sticky":false,"template":"","format":"standard","meta":[],"categories":[108,101],"tags":[],"_links":{"self":[{"href":"http:\/\/www.noticiasdelparana.com.ar\/NuevaEdicion\/wp-json\/wp\/v2\/posts\/358642"}],"collection":[{"href":"http:\/\/www.noticiasdelparana.com.ar\/NuevaEdicion\/wp-json\/wp\/v2\/posts"}],"about":[{"href":"http:\/\/www.noticiasdelparana.com.ar\/NuevaEdicion\/wp-json\/wp\/v2\/types\/post"}],"author":[{"embeddable":true,"href":"http:\/\/www.noticiasdelparana.com.ar\/NuevaEdicion\/wp-json\/wp\/v2\/users\/3"}],"replies":[{"embeddable":true,"href":"http:\/\/www.noticiasdelparana.com.ar\/NuevaEdicion\/wp-json\/wp\/v2\/comments?post=358642"}],"version-history":[{"count":1,"href":"http:\/\/www.noticiasdelparana.com.ar\/NuevaEdicion\/wp-json\/wp\/v2\/posts\/358642\/revisions"}],"predecessor-version":[{"id":358644,"href":"http:\/\/www.noticiasdelparana.com.ar\/NuevaEdicion\/wp-json\/wp\/v2\/posts\/358642\/revisions\/358644"}],"wp:featuredmedia":[{"embeddable":true,"href":"http:\/\/www.noticiasdelparana.com.ar\/NuevaEdicion\/wp-json\/wp\/v2\/media\/358643"}],"wp:attachment":[{"href":"http:\/\/www.noticiasdelparana.com.ar\/NuevaEdicion\/wp-json\/wp\/v2\/media?parent=358642"}],"wp:term":[{"taxonomy":"category","embeddable":true,"href":"http:\/\/www.noticiasdelparana.com.ar\/NuevaEdicion\/wp-json\/wp\/v2\/categories?post=358642"},{"taxonomy":"post_tag","embeddable":true,"href":"http:\/\/www.noticiasdelparana.com.ar\/NuevaEdicion\/wp-json\/wp\/v2\/tags?post=358642"}],"curies":[{"name":"wp","href":"https:\/\/api.w.org\/{rel}","templated":true}]}}