{"id":358998,"date":"2026-04-06T13:27:29","date_gmt":"2026-04-06T16:27:29","guid":{"rendered":"http:\/\/www.noticiasdelparana.com.ar\/NuevaEdicion\/?p=358998"},"modified":"2026-04-06T13:27:33","modified_gmt":"2026-04-06T16:27:33","slug":"chaco-el-cine-del-guido-miranda-renueva-su-cartelera-con-propuestas-para-todas-las-edades","status":"publish","type":"post","link":"http:\/\/www.noticiasdelparana.com.ar\/NuevaEdicion\/2026\/04\/06\/chaco-el-cine-del-guido-miranda-renueva-su-cartelera-con-propuestas-para-todas-las-edades\/","title":{"rendered":"CHACO: El Cine Del Guido Miranda Renueva Su Cartelera Con Propuestas Para Todas Las Edades"},"content":{"rendered":"\n<p>Desde proyecciones infantiles hasta obras que indagan en nuestra identidad y las m\u00faltiples formas del amor, la sala reafirma su compromiso con una cartelera accesible y de alta calidad.<br>Las entradas generales tienen un valor de $4.000, mientras que para jubilados y estudiantes el costo es de $2.000.<br>El mi\u00e9rcoles 8 de abril, a las 20, el Ciclo Amores Perros invita a compartir Con \u00e1nimo de amar del referente del cine asi\u00e1tico contempor\u00e1neo Wong Kar-Wai.<br>Un hombre y su vecina entablan un fuerte lazo al sospechar que sus respectivas parejas les son infieles, en un retrato intimista sobre el deseo, la incomunicaci\u00f3n y la memoria.<br>El viernes 10 y s\u00e1bado 11 de abril a las 20, se proyectar\u00e1 Nuestra tierra, de Lucrecia Martel, un documental que aborda la lucha por el territorio y la memoria.<br>Narra el asesinato del activista ind\u00edgena Javier Chocobar y el desalojo de su comunidad de sus tierras ancestrales, para explorar la larga historia de colonialismo y despojo de tierras que condujo a este crimen.<br>Tambi\u00e9n el s\u00e1bado 11, pero a las 18, se proyectar\u00e1 &#8220;La tormenta: el secreto del gran barco negro&#8221;, una aventura ideal para disfrutar en familia.<br>Programaci\u00f3n<br>Mi\u00e9rcoles 8 \u2013 20 hs<br>Ciclo Amores Perros<br>Con \u00e1nimo de amar \u2013 Dir. Wong Kar-Wai<br>Entrada gral. $4000 \/ Estud. y jub. $2000<br>S\u00e1bados 11, 18 y 25 \u2013 18 hs<br>Espacio INCAA \u2013 Peque\u00f1os Espectadores<br>La tormenta: el secreto del gran barco negro<br>Infantil<br>Entrada gral. $4000 \/ Menores, estud. y jub. $2000<br>Viernes 10 \/ S\u00e1bado 11 \u2013 20 hs<br>Espacio INCAA<br>Nuestra tierra \u2013 Dir. Lucrecia Martel<br>Entrada gral. $4000 \/ Estud. y jub. $2000<\/p>\n","protected":false},"excerpt":{"rendered":"<p>06-Abr-26 Esta semana, el Cine del Complejo Cultural Guido Miranda (Col\u00f3n 164), dependiente del Instituto de Cultura del Chaco, ofrecer\u00e1 una programaci\u00f3n dise\u00f1ada para los m\u00e1s diversos y exigentes paladares. <\/p>\n","protected":false},"author":4,"featured_media":358995,"comment_status":"closed","ping_status":"closed","sticky":false,"template":"","format":"standard","meta":[],"categories":[105],"tags":[],"_links":{"self":[{"href":"http:\/\/www.noticiasdelparana.com.ar\/NuevaEdicion\/wp-json\/wp\/v2\/posts\/358998"}],"collection":[{"href":"http:\/\/www.noticiasdelparana.com.ar\/NuevaEdicion\/wp-json\/wp\/v2\/posts"}],"about":[{"href":"http:\/\/www.noticiasdelparana.com.ar\/NuevaEdicion\/wp-json\/wp\/v2\/types\/post"}],"author":[{"embeddable":true,"href":"http:\/\/www.noticiasdelparana.com.ar\/NuevaEdicion\/wp-json\/wp\/v2\/users\/4"}],"replies":[{"embeddable":true,"href":"http:\/\/www.noticiasdelparana.com.ar\/NuevaEdicion\/wp-json\/wp\/v2\/comments?post=358998"}],"version-history":[{"count":1,"href":"http:\/\/www.noticiasdelparana.com.ar\/NuevaEdicion\/wp-json\/wp\/v2\/posts\/358998\/revisions"}],"predecessor-version":[{"id":358999,"href":"http:\/\/www.noticiasdelparana.com.ar\/NuevaEdicion\/wp-json\/wp\/v2\/posts\/358998\/revisions\/358999"}],"wp:featuredmedia":[{"embeddable":true,"href":"http:\/\/www.noticiasdelparana.com.ar\/NuevaEdicion\/wp-json\/wp\/v2\/media\/358995"}],"wp:attachment":[{"href":"http:\/\/www.noticiasdelparana.com.ar\/NuevaEdicion\/wp-json\/wp\/v2\/media?parent=358998"}],"wp:term":[{"taxonomy":"category","embeddable":true,"href":"http:\/\/www.noticiasdelparana.com.ar\/NuevaEdicion\/wp-json\/wp\/v2\/categories?post=358998"},{"taxonomy":"post_tag","embeddable":true,"href":"http:\/\/www.noticiasdelparana.com.ar\/NuevaEdicion\/wp-json\/wp\/v2\/tags?post=358998"}],"curies":[{"name":"wp","href":"https:\/\/api.w.org\/{rel}","templated":true}]}}