{"id":362577,"date":"2026-04-24T23:00:27","date_gmt":"2026-04-25T02:00:27","guid":{"rendered":"http:\/\/www.noticiasdelparana.com.ar\/NuevaEdicion\/?p=362577"},"modified":"2026-04-24T23:00:32","modified_gmt":"2026-04-25T02:00:32","slug":"resistencia-detuvieron-a-una-joven-y-secuestraron-droga-fraccionada-en-el-barrio-toba","status":"publish","type":"post","link":"http:\/\/www.noticiasdelparana.com.ar\/NuevaEdicion\/2026\/04\/24\/resistencia-detuvieron-a-una-joven-y-secuestraron-droga-fraccionada-en-el-barrio-toba\/","title":{"rendered":"RESISTENCIA: Detuvieron A Una Joven Y Secuestraron Droga Fraccionada En El Barrio Toba"},"content":{"rendered":"\n<p>En el marco de una investigaci\u00f3n por presunta infracci\u00f3n a la Ley Nacional N\u00b0 23.737 de estupefacientes, personal de la Direcci\u00f3n General de Consumos Problem\u00e1ticos, llev\u00f3 adelante un allanamiento con resultado positivo en la ciudad de Resistencia.<\/p>\n\n\n\n<p>El procedimiento se realiz\u00f3 en la tarde de este viernes en un domicilio ubicado en el barrio Toba en la capital chaque\u00f1a. La medida fue dispuesta por el Juzgado de Garant\u00edas N\u00b0 5, con intervenci\u00f3n de la Fiscal\u00eda de Investigaci\u00f3n Antidrogas N\u00b0 2, a cargo de la Dra. Andrea Natalia Lovey Pessano.<\/p>\n\n\n\n<p>Durante el operativo, los efectivos secuestraron 170 \u201cbochitas\u201d que conten\u00edan coca\u00edna, con un peso total de 32,7 gramos, dos envoltorios con marihuana con un pesaje con 3,1 gramos, recortes utilizados para el fraccionamiento, una balanza digital de precisi\u00f3n, dos tijeras y un iPhone.<\/p>\n\n\n\n<p>Adem\u00e1s, secuestraron $8.700 pesos en efectivo, presuntamente vinculado a la venta de estupefacientes, cinco cartuchos calibre .32 y dos cartuchos calibre 9 mm.<\/p>\n\n\n\n<p>Como resultado del procedimiento, fue aprehendida una joven 21 a\u00f1os, quien fue notificada de su situaci\u00f3n legal en la causa por \u201csupuesta infracci\u00f3n a la ley de estupefacientes\u201d.<\/p>\n","protected":false},"excerpt":{"rendered":"<p>24-Abr-26 Adem\u00e1s, secuestraron otros elementos vinculados a la causa.<\/p>\n","protected":false},"author":4,"featured_media":362578,"comment_status":"closed","ping_status":"closed","sticky":false,"template":"","format":"standard","meta":[],"categories":[103],"tags":[],"_links":{"self":[{"href":"http:\/\/www.noticiasdelparana.com.ar\/NuevaEdicion\/wp-json\/wp\/v2\/posts\/362577"}],"collection":[{"href":"http:\/\/www.noticiasdelparana.com.ar\/NuevaEdicion\/wp-json\/wp\/v2\/posts"}],"about":[{"href":"http:\/\/www.noticiasdelparana.com.ar\/NuevaEdicion\/wp-json\/wp\/v2\/types\/post"}],"author":[{"embeddable":true,"href":"http:\/\/www.noticiasdelparana.com.ar\/NuevaEdicion\/wp-json\/wp\/v2\/users\/4"}],"replies":[{"embeddable":true,"href":"http:\/\/www.noticiasdelparana.com.ar\/NuevaEdicion\/wp-json\/wp\/v2\/comments?post=362577"}],"version-history":[{"count":1,"href":"http:\/\/www.noticiasdelparana.com.ar\/NuevaEdicion\/wp-json\/wp\/v2\/posts\/362577\/revisions"}],"predecessor-version":[{"id":362579,"href":"http:\/\/www.noticiasdelparana.com.ar\/NuevaEdicion\/wp-json\/wp\/v2\/posts\/362577\/revisions\/362579"}],"wp:featuredmedia":[{"embeddable":true,"href":"http:\/\/www.noticiasdelparana.com.ar\/NuevaEdicion\/wp-json\/wp\/v2\/media\/362578"}],"wp:attachment":[{"href":"http:\/\/www.noticiasdelparana.com.ar\/NuevaEdicion\/wp-json\/wp\/v2\/media?parent=362577"}],"wp:term":[{"taxonomy":"category","embeddable":true,"href":"http:\/\/www.noticiasdelparana.com.ar\/NuevaEdicion\/wp-json\/wp\/v2\/categories?post=362577"},{"taxonomy":"post_tag","embeddable":true,"href":"http:\/\/www.noticiasdelparana.com.ar\/NuevaEdicion\/wp-json\/wp\/v2\/tags?post=362577"}],"curies":[{"name":"wp","href":"https:\/\/api.w.org\/{rel}","templated":true}]}}