{"id":362583,"date":"2026-04-24T23:37:09","date_gmt":"2026-04-25T02:37:09","guid":{"rendered":"http:\/\/www.noticiasdelparana.com.ar\/NuevaEdicion\/?p=362583"},"modified":"2026-04-24T23:41:56","modified_gmt":"2026-04-25T02:41:56","slug":"barranqueras-el-caps-4-de-junio-realizara-multiples-actividades-por-la-semana-de-las-americas","status":"publish","type":"post","link":"http:\/\/www.noticiasdelparana.com.ar\/NuevaEdicion\/2026\/04\/24\/barranqueras-el-caps-4-de-junio-realizara-multiples-actividades-por-la-semana-de-las-americas\/","title":{"rendered":"BARRANQUERAS: El CAPS \u201c4 De Junio\u201d Realizar\u00e1 M\u00faltiples Actividades Por La Semana De La Vacunaci\u00f3n De Las Am\u00e9ricas"},"content":{"rendered":"\n<p>Las acciones se desarrollar\u00e1n entre el 25 de abril y el 2 de mayo, bajo el lema \u201cTu decisi\u00f3n marca la diferencia\u201d, con propuestas que incluyen operativos de vacunaci\u00f3n y charlas informativas en distintos puntos de la comunidad.<\/p>\n\n\n\n<p>El cronograma previsto es el siguiente:<\/p>\n\n\n\n<p>25 de abril: lanzamiento de la campa\u00f1a en el CAPS.<\/p>\n\n\n\n<p>27 de abril: charla sobre vacunas en ambos turnos, tambi\u00e9n en el CAPS.<\/p>\n\n\n\n<p>28 de abril: jornada de vacunaci\u00f3n en la E.E.P. N\u00b0 758 \u201cMar del Plata\u201d, en turno ma\u00f1ana.<\/p>\n\n\n\n<p>29 de abril: operativo de vacunaci\u00f3n en la E.E.T. N\u00b0 33, turno tarde.<\/p>\n\n\n\n<p>30 de abril: vacunaci\u00f3n en la E.E.P. N\u00b0 626, turno ma\u00f1ana.<\/p>\n\n\n\n<p>29 y 30 de abril: nuevas charlas sobre vacunaci\u00f3n en el CAPS, en ambos turnos.<\/p>\n\n\n\n<p>2 de mayo: cierre de actividades en el CAPS.<\/p>\n\n\n\n<p>Desde la instituci\u00f3n destacaron la importancia de acercarse a cada instancia con el carnet de vacunaci\u00f3n y DNI, con el objetivo de completar esquemas y reforzar la prevenci\u00f3n de enfermedades.<\/p>\n\n\n\n<p>Estas iniciativas buscan fortalecer el acceso a la salud y generar conciencia en la poblaci\u00f3n sobre el rol fundamental de las vacunas en la protecci\u00f3n individual y colectiva.<\/p>\n","protected":false},"excerpt":{"rendered":"<p>24-Abr-26 En el marco de la Semana de Vacunaci\u00f3n en las Am\u00e9ricas, el Centro de Atenci\u00f3n Primaria de la Salud (CAPS) \u201c4 de Junio\u201d llevar\u00e1 adelante una agenda de actividades destinadas a promover la inmunizaci\u00f3n y la concientizaci\u00f3n sobre la importancia de las vacunas.<\/p>\n","protected":false},"author":3,"featured_media":362584,"comment_status":"closed","ping_status":"closed","sticky":false,"template":"","format":"standard","meta":[],"categories":[99],"tags":[],"_links":{"self":[{"href":"http:\/\/www.noticiasdelparana.com.ar\/NuevaEdicion\/wp-json\/wp\/v2\/posts\/362583"}],"collection":[{"href":"http:\/\/www.noticiasdelparana.com.ar\/NuevaEdicion\/wp-json\/wp\/v2\/posts"}],"about":[{"href":"http:\/\/www.noticiasdelparana.com.ar\/NuevaEdicion\/wp-json\/wp\/v2\/types\/post"}],"author":[{"embeddable":true,"href":"http:\/\/www.noticiasdelparana.com.ar\/NuevaEdicion\/wp-json\/wp\/v2\/users\/3"}],"replies":[{"embeddable":true,"href":"http:\/\/www.noticiasdelparana.com.ar\/NuevaEdicion\/wp-json\/wp\/v2\/comments?post=362583"}],"version-history":[{"count":2,"href":"http:\/\/www.noticiasdelparana.com.ar\/NuevaEdicion\/wp-json\/wp\/v2\/posts\/362583\/revisions"}],"predecessor-version":[{"id":362586,"href":"http:\/\/www.noticiasdelparana.com.ar\/NuevaEdicion\/wp-json\/wp\/v2\/posts\/362583\/revisions\/362586"}],"wp:featuredmedia":[{"embeddable":true,"href":"http:\/\/www.noticiasdelparana.com.ar\/NuevaEdicion\/wp-json\/wp\/v2\/media\/362584"}],"wp:attachment":[{"href":"http:\/\/www.noticiasdelparana.com.ar\/NuevaEdicion\/wp-json\/wp\/v2\/media?parent=362583"}],"wp:term":[{"taxonomy":"category","embeddable":true,"href":"http:\/\/www.noticiasdelparana.com.ar\/NuevaEdicion\/wp-json\/wp\/v2\/categories?post=362583"},{"taxonomy":"post_tag","embeddable":true,"href":"http:\/\/www.noticiasdelparana.com.ar\/NuevaEdicion\/wp-json\/wp\/v2\/tags?post=362583"}],"curies":[{"name":"wp","href":"https:\/\/api.w.org\/{rel}","templated":true}]}}