{"id":362700,"date":"2026-04-25T23:09:28","date_gmt":"2026-04-26T02:09:28","guid":{"rendered":"http:\/\/www.noticiasdelparana.com.ar\/NuevaEdicion\/?p=362700"},"modified":"2026-04-25T23:09:31","modified_gmt":"2026-04-26T02:09:31","slug":"puerto-vilelas-detuvieron-a-un-hombre-por-presunto-maltrato-y-abandono-de-su-madre","status":"publish","type":"post","link":"http:\/\/www.noticiasdelparana.com.ar\/NuevaEdicion\/2026\/04\/25\/puerto-vilelas-detuvieron-a-un-hombre-por-presunto-maltrato-y-abandono-de-su-madre\/","title":{"rendered":"PUERTO VILELAS: Detuvieron A Un Hombre Por Presunto Maltrato Y Abandono De Su Madre"},"content":{"rendered":"\n<p>Seg\u00fan la denuncia radicada por una vecina del barrio Centro, una mujer mayor de edad con problemas de salud y movilidad reducida, su propio hijo ejerc\u00eda constantes malos tratos, amenazas y le habr\u00eda impedido el acceso a elementos b\u00e1sicos para su desplazamiento.<\/p>\n\n\n\n<p>A partir de esta situaci\u00f3n, efectivos policiales lograron identificar y demorar al ciudadano, de 34 a\u00f1os, en inmediaciones de la avenida R\u00edo Paran\u00e1. Posteriormente, fue trasladado a la Divisi\u00f3n Medicina Legal y qued\u00f3 a disposici\u00f3n de la Justicia.<\/p>\n\n\n\n<p>De acuerdo a lo dispuesto por la Fiscal\u00eda N\u00b0 3 y el Juzgado de Paz local, se procedi\u00f3 a notificar su aprehensi\u00f3n por supuesta infracci\u00f3n al art\u00edculo 68 de la Ley 850-J. Adem\u00e1s, se dio intervenci\u00f3n a la L\u00ednea 108, destinada a la asistencia de adultos mayores, y se realizaron las actuaciones correspondientes en el Departamento de Antecedentes.<\/p>\n\n\n\n<p>Desde el \u00e1rea de Seguridad remarcaron la importancia de denunciar este tipo de situaciones para proteger a las personas en condici\u00f3n de vulnerabilidad y garantizar su integridad.<\/p>\n","protected":false},"excerpt":{"rendered":"<p>25-Abr-26  La Secretar\u00eda de Seguridad P\u00fablica, Vial y Ambiental inform\u00f3 sobre la intervenci\u00f3n policial ante un grave caso de violencia familiar y presunto abandono de persona en la localidad de Puerto Vilelas.<\/p>\n","protected":false},"author":3,"featured_media":362701,"comment_status":"closed","ping_status":"closed","sticky":false,"template":"","format":"standard","meta":[],"categories":[101],"tags":[],"_links":{"self":[{"href":"http:\/\/www.noticiasdelparana.com.ar\/NuevaEdicion\/wp-json\/wp\/v2\/posts\/362700"}],"collection":[{"href":"http:\/\/www.noticiasdelparana.com.ar\/NuevaEdicion\/wp-json\/wp\/v2\/posts"}],"about":[{"href":"http:\/\/www.noticiasdelparana.com.ar\/NuevaEdicion\/wp-json\/wp\/v2\/types\/post"}],"author":[{"embeddable":true,"href":"http:\/\/www.noticiasdelparana.com.ar\/NuevaEdicion\/wp-json\/wp\/v2\/users\/3"}],"replies":[{"embeddable":true,"href":"http:\/\/www.noticiasdelparana.com.ar\/NuevaEdicion\/wp-json\/wp\/v2\/comments?post=362700"}],"version-history":[{"count":1,"href":"http:\/\/www.noticiasdelparana.com.ar\/NuevaEdicion\/wp-json\/wp\/v2\/posts\/362700\/revisions"}],"predecessor-version":[{"id":362702,"href":"http:\/\/www.noticiasdelparana.com.ar\/NuevaEdicion\/wp-json\/wp\/v2\/posts\/362700\/revisions\/362702"}],"wp:featuredmedia":[{"embeddable":true,"href":"http:\/\/www.noticiasdelparana.com.ar\/NuevaEdicion\/wp-json\/wp\/v2\/media\/362701"}],"wp:attachment":[{"href":"http:\/\/www.noticiasdelparana.com.ar\/NuevaEdicion\/wp-json\/wp\/v2\/media?parent=362700"}],"wp:term":[{"taxonomy":"category","embeddable":true,"href":"http:\/\/www.noticiasdelparana.com.ar\/NuevaEdicion\/wp-json\/wp\/v2\/categories?post=362700"},{"taxonomy":"post_tag","embeddable":true,"href":"http:\/\/www.noticiasdelparana.com.ar\/NuevaEdicion\/wp-json\/wp\/v2\/tags?post=362700"}],"curies":[{"name":"wp","href":"https:\/\/api.w.org\/{rel}","templated":true}]}}