{"id":362709,"date":"2026-04-26T09:00:49","date_gmt":"2026-04-26T12:00:49","guid":{"rendered":"http:\/\/www.noticiasdelparana.com.ar\/NuevaEdicion\/?p=362709"},"modified":"2026-04-26T09:00:56","modified_gmt":"2026-04-26T12:00:56","slug":"villa-berthet-esclarecen-abigeato-y-detienen-a-un-joven-con-70-kilos-de-carne-secuestrada","status":"publish","type":"post","link":"http:\/\/www.noticiasdelparana.com.ar\/NuevaEdicion\/2026\/04\/26\/villa-berthet-esclarecen-abigeato-y-detienen-a-un-joven-con-70-kilos-de-carne-secuestrada\/","title":{"rendered":"VILLA BERTHET: Esclarecen Abigeato Y Detienen A Un Joven Con 70 Kilos De Carne Secuestrada"},"content":{"rendered":"\n<p>La intervenci\u00f3n se inici\u00f3 tras la denuncia de un hombre de 60 a\u00f1os, quien advirti\u00f3 la faena clandestina de un ternero en su propiedad. En el lugar, los efectivos constataron restos del animal y rastros que permitieron orientar la investigaci\u00f3n.<\/p>\n\n\n\n<p>A partir de tareas investigativas, se logr\u00f3 la aprehensi\u00f3n de un joven de 21 a\u00f1os y la demora de un menor de 17, adem\u00e1s del secuestro de 70 kilogramos de carne bovina y un cuero, vinculados al hecho.<\/p>\n\n\n\n<p>La Fiscal\u00eda de Investigaci\u00f3n Rural y Ambiental dispuso la notificaci\u00f3n de aprehensi\u00f3n para el mayor involucrado, mientras contin\u00faan las diligencias para el total esclarecimiento del caso.<\/p>\n","protected":false},"excerpt":{"rendered":"<p>26-Abr-26  En un procedimiento llevado a cabo por personal del Departamento de Seguridad Rural de Villa \u00c1ngela, se logr\u00f3 esclarecer un hecho de abigeato denunciado por un productor de la zona rural de Villa Berthet.<\/p>\n","protected":false},"author":3,"featured_media":362710,"comment_status":"closed","ping_status":"closed","sticky":false,"template":"","format":"standard","meta":[],"categories":[103],"tags":[],"_links":{"self":[{"href":"http:\/\/www.noticiasdelparana.com.ar\/NuevaEdicion\/wp-json\/wp\/v2\/posts\/362709"}],"collection":[{"href":"http:\/\/www.noticiasdelparana.com.ar\/NuevaEdicion\/wp-json\/wp\/v2\/posts"}],"about":[{"href":"http:\/\/www.noticiasdelparana.com.ar\/NuevaEdicion\/wp-json\/wp\/v2\/types\/post"}],"author":[{"embeddable":true,"href":"http:\/\/www.noticiasdelparana.com.ar\/NuevaEdicion\/wp-json\/wp\/v2\/users\/3"}],"replies":[{"embeddable":true,"href":"http:\/\/www.noticiasdelparana.com.ar\/NuevaEdicion\/wp-json\/wp\/v2\/comments?post=362709"}],"version-history":[{"count":1,"href":"http:\/\/www.noticiasdelparana.com.ar\/NuevaEdicion\/wp-json\/wp\/v2\/posts\/362709\/revisions"}],"predecessor-version":[{"id":362711,"href":"http:\/\/www.noticiasdelparana.com.ar\/NuevaEdicion\/wp-json\/wp\/v2\/posts\/362709\/revisions\/362711"}],"wp:featuredmedia":[{"embeddable":true,"href":"http:\/\/www.noticiasdelparana.com.ar\/NuevaEdicion\/wp-json\/wp\/v2\/media\/362710"}],"wp:attachment":[{"href":"http:\/\/www.noticiasdelparana.com.ar\/NuevaEdicion\/wp-json\/wp\/v2\/media?parent=362709"}],"wp:term":[{"taxonomy":"category","embeddable":true,"href":"http:\/\/www.noticiasdelparana.com.ar\/NuevaEdicion\/wp-json\/wp\/v2\/categories?post=362709"},{"taxonomy":"post_tag","embeddable":true,"href":"http:\/\/www.noticiasdelparana.com.ar\/NuevaEdicion\/wp-json\/wp\/v2\/tags?post=362709"}],"curies":[{"name":"wp","href":"https:\/\/api.w.org\/{rel}","templated":true}]}}