{"id":362728,"date":"2026-04-26T09:32:53","date_gmt":"2026-04-26T12:32:53","guid":{"rendered":"http:\/\/www.noticiasdelparana.com.ar\/NuevaEdicion\/?p=362728"},"modified":"2026-04-26T09:32:56","modified_gmt":"2026-04-26T12:32:56","slug":"corrientes-ferias-de-la-ciudad-nueva-semana-de-propuestas-en-plazas-y-paseos","status":"publish","type":"post","link":"http:\/\/www.noticiasdelparana.com.ar\/NuevaEdicion\/2026\/04\/26\/corrientes-ferias-de-la-ciudad-nueva-semana-de-propuestas-en-plazas-y-paseos\/","title":{"rendered":"CORRIENTES: Ferias De La Ciudad: Nueva Semana De Propuestas En Plazas Y Paseos"},"content":{"rendered":"\n<p>La propuesta, ya consolidada como un cl\u00e1sico en la agenda urbana, ofrece a los vecinos la posibilidad de acceder a productos frescos, elaboraciones caseras y artesan\u00edas locales a precios accesibles; al tiempo que promueve el trabajo de emprendedores y peque\u00f1os productores de Capital y localidades adyacentes.<\/p>\n\n\n\n<p>Como es habitual, las ferias se instalar\u00e1n en plazas y parques estrat\u00e9gicos de la ciudad. En las plazas Torrent, Los Amigos y La Cruz, as\u00ed como en el parque Mitre, los puesteros atender\u00e1n en el horario matutino de 8 a 13, con una variada oferta que incluye frutas y verduras frescas, panificados caseros, dulces regionales, plantas ornamentales y artesan\u00edas.<\/p>\n\n\n\n<p>Los espacios de mayor convocatoria tur\u00edstica y recreativa, como el Paseo Arazaty y el Parque Camb\u00e1 Cu\u00e1, ampliar\u00e1n durante el fin de semana la propuesta con horarios extendidos y una oferta que incluye gastronom\u00eda, manualidades y productos regionales.<\/p>\n\n\n\n<p>De esta manera, el Municipio capitalino renueva su apuesta por una pol\u00edtica p\u00fablica que fortalece la econom\u00eda social, fomenta el consumo responsable y genera espacios de encuentro en distintos puntos de la ciudad, acercando productos de calidad directamente del productor al consumidor.<\/p>\n","protected":false},"excerpt":{"rendered":"<p>26-Abr-26 La Municipalidad sigue impulsando el v\u00ednculo directo entre productores y vecinos con una nueva edici\u00f3n semanal del programa Ferias de la Ciudad, que se desarrollar\u00e1 desde este martes 28 de abril hasta el domingo 3 de mayo en distintos espacios p\u00fablicos.<\/p>\n","protected":false},"author":3,"featured_media":362733,"comment_status":"closed","ping_status":"closed","sticky":false,"template":"","format":"standard","meta":[],"categories":[139],"tags":[],"_links":{"self":[{"href":"http:\/\/www.noticiasdelparana.com.ar\/NuevaEdicion\/wp-json\/wp\/v2\/posts\/362728"}],"collection":[{"href":"http:\/\/www.noticiasdelparana.com.ar\/NuevaEdicion\/wp-json\/wp\/v2\/posts"}],"about":[{"href":"http:\/\/www.noticiasdelparana.com.ar\/NuevaEdicion\/wp-json\/wp\/v2\/types\/post"}],"author":[{"embeddable":true,"href":"http:\/\/www.noticiasdelparana.com.ar\/NuevaEdicion\/wp-json\/wp\/v2\/users\/3"}],"replies":[{"embeddable":true,"href":"http:\/\/www.noticiasdelparana.com.ar\/NuevaEdicion\/wp-json\/wp\/v2\/comments?post=362728"}],"version-history":[{"count":1,"href":"http:\/\/www.noticiasdelparana.com.ar\/NuevaEdicion\/wp-json\/wp\/v2\/posts\/362728\/revisions"}],"predecessor-version":[{"id":362734,"href":"http:\/\/www.noticiasdelparana.com.ar\/NuevaEdicion\/wp-json\/wp\/v2\/posts\/362728\/revisions\/362734"}],"wp:featuredmedia":[{"embeddable":true,"href":"http:\/\/www.noticiasdelparana.com.ar\/NuevaEdicion\/wp-json\/wp\/v2\/media\/362733"}],"wp:attachment":[{"href":"http:\/\/www.noticiasdelparana.com.ar\/NuevaEdicion\/wp-json\/wp\/v2\/media?parent=362728"}],"wp:term":[{"taxonomy":"category","embeddable":true,"href":"http:\/\/www.noticiasdelparana.com.ar\/NuevaEdicion\/wp-json\/wp\/v2\/categories?post=362728"},{"taxonomy":"post_tag","embeddable":true,"href":"http:\/\/www.noticiasdelparana.com.ar\/NuevaEdicion\/wp-json\/wp\/v2\/tags?post=362728"}],"curies":[{"name":"wp","href":"https:\/\/api.w.org\/{rel}","templated":true}]}}