{"id":362735,"date":"2026-04-26T09:34:07","date_gmt":"2026-04-26T12:34:07","guid":{"rendered":"http:\/\/www.noticiasdelparana.com.ar\/NuevaEdicion\/?p=362735"},"modified":"2026-04-26T09:35:04","modified_gmt":"2026-04-26T12:35:04","slug":"un-hombre-tras-recibir-una-descarga-electrica-cuando-enchufaba-una-estufa","status":"publish","type":"post","link":"http:\/\/www.noticiasdelparana.com.ar\/NuevaEdicion\/2026\/04\/26\/un-hombre-tras-recibir-una-descarga-electrica-cuando-enchufaba-una-estufa\/","title":{"rendered":"CORRIENTES: Muri\u00f3 Un Hombre Tras Recibir Una Descarga El\u00e9ctrica Cuando Enchufaba Una Estufa"},"content":{"rendered":"\n<p>En un luctuoso hecho ocurrido en la ciudad de Esquina en las \u00faltimas horas, un hombre de 71 a\u00f1os muri\u00f3 electrocutado mientras manipulado una estufa con la agravante de hallarse descalzo, precisaron fuentes policiales.<\/p>\n\n\n\n<p>La tragedia sucedi\u00f3 en una propiedad de precaria construcci\u00f3n en madera, ubicada sobre la Avenida 9 de Julio, donde perdi\u00f3 la vida Rub\u00e9n Ziobrowsky tras el hecho registrado el pasado jueves, aunque se inform\u00f3 reci\u00e9n este s\u00e1bado.<\/p>\n\n\n\n<p>Seg\u00fan se inform\u00f3, dieron aviso de alerta a los efectivos de la Comisar\u00eda de Distrito Segunda de Esquina que se desplazaron al lugar junto al personal m\u00e9dico, donde lamentablemente constataron que el propietario ya no presentaba signos vitales.<\/p>\n\n\n\n<p>De acuerdo con las primeras averiguaciones realizadas por las autoridades, el hombre habr\u00eda tomado contacto accidental con un cable de una estufa.&nbsp;<\/p>\n\n\n\n<p>Las pericias iniciales destacan un factor determinante: la v\u00edctima se encontraba descalza en el momento del contacto, lo que facilit\u00f3 la descarga el\u00e9ctrica mortal.<\/p>\n\n\n\n<p>En el lugar trabaj\u00f3 el m\u00e9dico legal, quien confirm\u00f3 que la causa del deceso fue por electrocuci\u00f3n.&nbsp;<\/p>\n\n\n\n<p>Ante este escenario, se dio intervenci\u00f3n a la Unidad Fiscal en turno, la cual, tras cumplimentar los pasos legales de rigor, dispuso la entrega del cuerpo a sus familiares para las exequias correspondientes.<\/p>\n\n\n\n<p>Hasta el momento, la polic\u00eda contin\u00faa con las diligencias de rigor para cerrar el caso, caratulado preventivamente como investigaci\u00f3n de causales de muerte.<\/p>\n","protected":false},"excerpt":{"rendered":"<p>26-Abr-26 La v\u00edctima estaba descalza cuando manipul\u00f3 una estufa<\/p>\n","protected":false},"author":3,"featured_media":362736,"comment_status":"closed","ping_status":"closed","sticky":false,"template":"","format":"standard","meta":[],"categories":[139],"tags":[],"_links":{"self":[{"href":"http:\/\/www.noticiasdelparana.com.ar\/NuevaEdicion\/wp-json\/wp\/v2\/posts\/362735"}],"collection":[{"href":"http:\/\/www.noticiasdelparana.com.ar\/NuevaEdicion\/wp-json\/wp\/v2\/posts"}],"about":[{"href":"http:\/\/www.noticiasdelparana.com.ar\/NuevaEdicion\/wp-json\/wp\/v2\/types\/post"}],"author":[{"embeddable":true,"href":"http:\/\/www.noticiasdelparana.com.ar\/NuevaEdicion\/wp-json\/wp\/v2\/users\/3"}],"replies":[{"embeddable":true,"href":"http:\/\/www.noticiasdelparana.com.ar\/NuevaEdicion\/wp-json\/wp\/v2\/comments?post=362735"}],"version-history":[{"count":2,"href":"http:\/\/www.noticiasdelparana.com.ar\/NuevaEdicion\/wp-json\/wp\/v2\/posts\/362735\/revisions"}],"predecessor-version":[{"id":362738,"href":"http:\/\/www.noticiasdelparana.com.ar\/NuevaEdicion\/wp-json\/wp\/v2\/posts\/362735\/revisions\/362738"}],"wp:featuredmedia":[{"embeddable":true,"href":"http:\/\/www.noticiasdelparana.com.ar\/NuevaEdicion\/wp-json\/wp\/v2\/media\/362736"}],"wp:attachment":[{"href":"http:\/\/www.noticiasdelparana.com.ar\/NuevaEdicion\/wp-json\/wp\/v2\/media?parent=362735"}],"wp:term":[{"taxonomy":"category","embeddable":true,"href":"http:\/\/www.noticiasdelparana.com.ar\/NuevaEdicion\/wp-json\/wp\/v2\/categories?post=362735"},{"taxonomy":"post_tag","embeddable":true,"href":"http:\/\/www.noticiasdelparana.com.ar\/NuevaEdicion\/wp-json\/wp\/v2\/tags?post=362735"}],"curies":[{"name":"wp","href":"https:\/\/api.w.org\/{rel}","templated":true}]}}