{"id":362815,"date":"2026-04-26T23:25:02","date_gmt":"2026-04-27T02:25:02","guid":{"rendered":"http:\/\/www.noticiasdelparana.com.ar\/NuevaEdicion\/?p=362815"},"modified":"2026-04-26T23:26:08","modified_gmt":"2026-04-27T02:26:08","slug":"vilelas-profundo-pesar-por-el-fallecimiento-de-yohana-orlovski","status":"publish","type":"post","link":"http:\/\/www.noticiasdelparana.com.ar\/NuevaEdicion\/2026\/04\/26\/vilelas-profundo-pesar-por-el-fallecimiento-de-yohana-orlovski\/","title":{"rendered":"PUERTO VILELAS: Profundo Pesar Por El Fallecimiento De Yohana Orlovski"},"content":{"rendered":"\n<p>Yohana falleci\u00f3 este domingo 26 de abril, luego de una intensa lucha contra una enfermedad. Se encontraba internada en Buenos Aires, donde realizaba un tratamiento oncol\u00f3gico.<\/p>\n\n\n\n<p>Su partida gener\u00f3 numerosas muestras de afecto en redes sociales, donde vecinos, amigos y colegas compartieron mensajes, recuerdos y fotograf\u00edas destacando su alegr\u00eda, su energ\u00eda y su vocaci\u00f3n de servicio.<\/p>\n\n\n\n<figure class=\"wp-block-image size-large\"><img loading=\"lazy\" width=\"819\" height=\"1024\" src=\"https:\/\/www.noticiasdelparana.com.ar\/NuevaEdicion\/wp-content\/uploads\/2026\/04\/681681559_122250853334171925_3455771677026009313_n-819x1024.jpg\" alt=\"\" class=\"wp-image-362817\" srcset=\"http:\/\/www.noticiasdelparana.com.ar\/NuevaEdicion\/wp-content\/uploads\/2026\/04\/681681559_122250853334171925_3455771677026009313_n-819x1024.jpg 819w, http:\/\/www.noticiasdelparana.com.ar\/NuevaEdicion\/wp-content\/uploads\/2026\/04\/681681559_122250853334171925_3455771677026009313_n-240x300.jpg 240w, http:\/\/www.noticiasdelparana.com.ar\/NuevaEdicion\/wp-content\/uploads\/2026\/04\/681681559_122250853334171925_3455771677026009313_n-768x960.jpg 768w, http:\/\/www.noticiasdelparana.com.ar\/NuevaEdicion\/wp-content\/uploads\/2026\/04\/681681559_122250853334171925_3455771677026009313_n.jpg 1080w\" sizes=\"(max-width: 819px) 100vw, 819px\" \/><\/figure>\n\n\n\n<p>Diversas instituciones tambi\u00e9n expresaron su pesar. Desde la Coordinaci\u00f3n de Cultura y Educaci\u00f3n del municipio se\u00f1alaron: \u201cCon profundo dolor despedimos a Yohana, quien nos regal\u00f3 su alegr\u00eda, su energ\u00eda y su luz en cada momento compartido. Su recuerdo quedar\u00e1 por siempre en nuestros corazones\u201d.<\/p>\n\n\n\n<figure class=\"wp-block-image size-large\"><img loading=\"lazy\" width=\"940\" height=\"788\" src=\"https:\/\/www.noticiasdelparana.com.ar\/NuevaEdicion\/wp-content\/uploads\/2026\/04\/682313594_122179717328876952_2166204024215267397_n-1.jpg\" alt=\"\" class=\"wp-image-362821\" srcset=\"http:\/\/www.noticiasdelparana.com.ar\/NuevaEdicion\/wp-content\/uploads\/2026\/04\/682313594_122179717328876952_2166204024215267397_n-1.jpg 940w, http:\/\/www.noticiasdelparana.com.ar\/NuevaEdicion\/wp-content\/uploads\/2026\/04\/682313594_122179717328876952_2166204024215267397_n-1-300x251.jpg 300w, http:\/\/www.noticiasdelparana.com.ar\/NuevaEdicion\/wp-content\/uploads\/2026\/04\/682313594_122179717328876952_2166204024215267397_n-1-768x644.jpg 768w\" sizes=\"(max-width: 940px) 100vw, 940px\" \/><\/figure>\n\n\n\n<p>Por su parte, la comunidad educativa de la EEP N\u00b0 149 \u201cDirectora Rosa A. Vallejos\u201d manifest\u00f3: \u201cNo hay palabras para describir lo que sentimos como comunidad educativa\u2026 pedimos a Dios fortaleza para su familia en este dif\u00edcil momento\u201d. <\/p>\n\n\n\n<figure class=\"wp-block-image size-large\"><img loading=\"lazy\" width=\"722\" height=\"1024\" src=\"https:\/\/www.noticiasdelparana.com.ar\/NuevaEdicion\/wp-content\/uploads\/2026\/04\/681174497_26523080590691977_8981303059479617809_n-722x1024.jpg\" alt=\"\" class=\"wp-image-362818\" srcset=\"http:\/\/www.noticiasdelparana.com.ar\/NuevaEdicion\/wp-content\/uploads\/2026\/04\/681174497_26523080590691977_8981303059479617809_n-722x1024.jpg 722w, http:\/\/www.noticiasdelparana.com.ar\/NuevaEdicion\/wp-content\/uploads\/2026\/04\/681174497_26523080590691977_8981303059479617809_n-212x300.jpg 212w, http:\/\/www.noticiasdelparana.com.ar\/NuevaEdicion\/wp-content\/uploads\/2026\/04\/681174497_26523080590691977_8981303059479617809_n-768x1089.jpg 768w, http:\/\/www.noticiasdelparana.com.ar\/NuevaEdicion\/wp-content\/uploads\/2026\/04\/681174497_26523080590691977_8981303059479617809_n-1083x1536.jpg 1083w, http:\/\/www.noticiasdelparana.com.ar\/NuevaEdicion\/wp-content\/uploads\/2026\/04\/681174497_26523080590691977_8981303059479617809_n.jpg 1410w\" sizes=\"(max-width: 722px) 100vw, 722px\" \/><\/figure>\n\n\n\n<p>En tanto, desde la EES N\u00b0 52 fue recordada como ex alumna, mientras que la Regi\u00f3n Educativa XC acompa\u00f1\u00f3 el dolor de colegas y familiares.<\/p>\n\n\n\n<figure class=\"wp-block-image size-large\"><img loading=\"lazy\" width=\"819\" height=\"1024\" src=\"https:\/\/www.noticiasdelparana.com.ar\/NuevaEdicion\/wp-content\/uploads\/2026\/04\/679144016_122179721678876952_4362520239178304748_n-819x1024.jpg\" alt=\"\" class=\"wp-image-362819\" srcset=\"http:\/\/www.noticiasdelparana.com.ar\/NuevaEdicion\/wp-content\/uploads\/2026\/04\/679144016_122179721678876952_4362520239178304748_n-819x1024.jpg 819w, http:\/\/www.noticiasdelparana.com.ar\/NuevaEdicion\/wp-content\/uploads\/2026\/04\/679144016_122179721678876952_4362520239178304748_n-240x300.jpg 240w, http:\/\/www.noticiasdelparana.com.ar\/NuevaEdicion\/wp-content\/uploads\/2026\/04\/679144016_122179721678876952_4362520239178304748_n-768x960.jpg 768w, http:\/\/www.noticiasdelparana.com.ar\/NuevaEdicion\/wp-content\/uploads\/2026\/04\/679144016_122179721678876952_4362520239178304748_n.jpg 1080w\" sizes=\"(max-width: 819px) 100vw, 819px\" \/><\/figure>\n\n\n\n<p>El Club Defensores de Vilelas tambi\u00e9n expres\u00f3 su tristeza por la p\u00e9rdida de quien fuera profesora de aquagym, destacando \u201csu alegr\u00eda constante, su calidez y su forma de vivir la vida\u201d, valores que dejaron una huella en quienes compartieron sus clases.<\/p>\n\n\n\n<figure class=\"wp-block-image size-large\"><img loading=\"lazy\" width=\"1024\" height=\"556\" src=\"https:\/\/www.noticiasdelparana.com.ar\/NuevaEdicion\/wp-content\/uploads\/2026\/04\/681732447_942399955368636_2954383911353143295_n-1024x556.jpg\" alt=\"\" class=\"wp-image-362822\" srcset=\"http:\/\/www.noticiasdelparana.com.ar\/NuevaEdicion\/wp-content\/uploads\/2026\/04\/681732447_942399955368636_2954383911353143295_n-1024x556.jpg 1024w, http:\/\/www.noticiasdelparana.com.ar\/NuevaEdicion\/wp-content\/uploads\/2026\/04\/681732447_942399955368636_2954383911353143295_n-300x163.jpg 300w, http:\/\/www.noticiasdelparana.com.ar\/NuevaEdicion\/wp-content\/uploads\/2026\/04\/681732447_942399955368636_2954383911353143295_n-768x417.jpg 768w, http:\/\/www.noticiasdelparana.com.ar\/NuevaEdicion\/wp-content\/uploads\/2026\/04\/681732447_942399955368636_2954383911353143295_n-1536x834.jpg 1536w, http:\/\/www.noticiasdelparana.com.ar\/NuevaEdicion\/wp-content\/uploads\/2026\/04\/681732447_942399955368636_2954383911353143295_n.jpg 1990w\" sizes=\"(max-width: 1024px) 100vw, 1024px\" \/><\/figure>\n\n\n\n<p>Asimismo, desde la Compa\u00f1\u00eda de Danza y Teatro Vida Plena enviaron sus condolencias y elevaron una oraci\u00f3n por su eterno descanso.<\/p>\n\n\n\n<p>La partida de Yohana Orlovski deja un profundo vac\u00edo en la comunidad, donde ser\u00e1 recordada por su entrega, su vocaci\u00f3n y el cari\u00f1o que supo sembrar en cada espacio que integr\u00f3.<\/p>\n","protected":false},"excerpt":{"rendered":"<p>26-Abr-26  La comunidad de Puerto Vilelas atraviesa momentos de dolor tras conocerse el fallecimiento de Yohana Orlovski, docente e instructora de zumba, reconocida por su activa participaci\u00f3n social y su compromiso con distintas instituciones locales.<\/p>\n","protected":false},"author":3,"featured_media":362824,"comment_status":"closed","ping_status":"closed","sticky":false,"template":"","format":"standard","meta":[],"categories":[108,101],"tags":[],"_links":{"self":[{"href":"http:\/\/www.noticiasdelparana.com.ar\/NuevaEdicion\/wp-json\/wp\/v2\/posts\/362815"}],"collection":[{"href":"http:\/\/www.noticiasdelparana.com.ar\/NuevaEdicion\/wp-json\/wp\/v2\/posts"}],"about":[{"href":"http:\/\/www.noticiasdelparana.com.ar\/NuevaEdicion\/wp-json\/wp\/v2\/types\/post"}],"author":[{"embeddable":true,"href":"http:\/\/www.noticiasdelparana.com.ar\/NuevaEdicion\/wp-json\/wp\/v2\/users\/3"}],"replies":[{"embeddable":true,"href":"http:\/\/www.noticiasdelparana.com.ar\/NuevaEdicion\/wp-json\/wp\/v2\/comments?post=362815"}],"version-history":[{"count":1,"href":"http:\/\/www.noticiasdelparana.com.ar\/NuevaEdicion\/wp-json\/wp\/v2\/posts\/362815\/revisions"}],"predecessor-version":[{"id":362823,"href":"http:\/\/www.noticiasdelparana.com.ar\/NuevaEdicion\/wp-json\/wp\/v2\/posts\/362815\/revisions\/362823"}],"wp:featuredmedia":[{"embeddable":true,"href":"http:\/\/www.noticiasdelparana.com.ar\/NuevaEdicion\/wp-json\/wp\/v2\/media\/362824"}],"wp:attachment":[{"href":"http:\/\/www.noticiasdelparana.com.ar\/NuevaEdicion\/wp-json\/wp\/v2\/media?parent=362815"}],"wp:term":[{"taxonomy":"category","embeddable":true,"href":"http:\/\/www.noticiasdelparana.com.ar\/NuevaEdicion\/wp-json\/wp\/v2\/categories?post=362815"},{"taxonomy":"post_tag","embeddable":true,"href":"http:\/\/www.noticiasdelparana.com.ar\/NuevaEdicion\/wp-json\/wp\/v2\/tags?post=362815"}],"curies":[{"name":"wp","href":"https:\/\/api.w.org\/{rel}","templated":true}]}}