{"id":362831,"date":"2026-04-27T07:11:59","date_gmt":"2026-04-27T10:11:59","guid":{"rendered":"http:\/\/www.noticiasdelparana.com.ar\/NuevaEdicion\/?p=362831"},"modified":"2026-04-27T07:12:04","modified_gmt":"2026-04-27T10:12:04","slug":"corrientes-una-joven-de-18-anos-necesita-iniciar-radioterapia-por-un-tumor-agresivo","status":"publish","type":"post","link":"http:\/\/www.noticiasdelparana.com.ar\/NuevaEdicion\/2026\/04\/27\/corrientes-una-joven-de-18-anos-necesita-iniciar-radioterapia-por-un-tumor-agresivo\/","title":{"rendered":"CORRIENTES: Una Joven De 18 A\u00f1os Necesita Iniciar Radioterapia Por Un Tumor Agresivo"},"content":{"rendered":"\n<p>Mar\u00eda Irup\u00e9 Agustina Cuenca, de 18 a\u00f1os, vive en Corrientes y padece un tumor agresivo no operable detectado hace un a\u00f1o y siete meses; debe iniciar radioterapia tras finalizar un ciclo de quimioterapia en enero.<\/p>\n\n\n\n<p>El diagn\u00f3stico marc\u00f3 el inicio de un proceso m\u00e9dico que incluy\u00f3 quimioterapia, etapa que concluy\u00f3 a comienzos de este a\u00f1o. Luego de esa instancia, los profesionales que siguen su caso se\u00f1alaron la necesidad de avanzar con sesiones de radioterapia como parte del tratamiento.<\/p>\n\n\n\n<p>Frente a los costos que implica continuar con el tratamiento, la familia inici\u00f3 rifas y colectas. Para quienes deseen colaborar, se encuentra disponible el alias de Mercado Pago: agus1407.mp.<\/p>\n","protected":false},"excerpt":{"rendered":"<p>27-Abr-26  El tratamiento fue indicado tras completar quimioterapia. La familia recurre a rifas y aportes econ\u00f3micos para sostener los gastos.<\/p>\n","protected":false},"author":3,"featured_media":362832,"comment_status":"closed","ping_status":"closed","sticky":false,"template":"","format":"standard","meta":[],"categories":[139],"tags":[],"_links":{"self":[{"href":"http:\/\/www.noticiasdelparana.com.ar\/NuevaEdicion\/wp-json\/wp\/v2\/posts\/362831"}],"collection":[{"href":"http:\/\/www.noticiasdelparana.com.ar\/NuevaEdicion\/wp-json\/wp\/v2\/posts"}],"about":[{"href":"http:\/\/www.noticiasdelparana.com.ar\/NuevaEdicion\/wp-json\/wp\/v2\/types\/post"}],"author":[{"embeddable":true,"href":"http:\/\/www.noticiasdelparana.com.ar\/NuevaEdicion\/wp-json\/wp\/v2\/users\/3"}],"replies":[{"embeddable":true,"href":"http:\/\/www.noticiasdelparana.com.ar\/NuevaEdicion\/wp-json\/wp\/v2\/comments?post=362831"}],"version-history":[{"count":1,"href":"http:\/\/www.noticiasdelparana.com.ar\/NuevaEdicion\/wp-json\/wp\/v2\/posts\/362831\/revisions"}],"predecessor-version":[{"id":362833,"href":"http:\/\/www.noticiasdelparana.com.ar\/NuevaEdicion\/wp-json\/wp\/v2\/posts\/362831\/revisions\/362833"}],"wp:featuredmedia":[{"embeddable":true,"href":"http:\/\/www.noticiasdelparana.com.ar\/NuevaEdicion\/wp-json\/wp\/v2\/media\/362832"}],"wp:attachment":[{"href":"http:\/\/www.noticiasdelparana.com.ar\/NuevaEdicion\/wp-json\/wp\/v2\/media?parent=362831"}],"wp:term":[{"taxonomy":"category","embeddable":true,"href":"http:\/\/www.noticiasdelparana.com.ar\/NuevaEdicion\/wp-json\/wp\/v2\/categories?post=362831"},{"taxonomy":"post_tag","embeddable":true,"href":"http:\/\/www.noticiasdelparana.com.ar\/NuevaEdicion\/wp-json\/wp\/v2\/tags?post=362831"}],"curies":[{"name":"wp","href":"https:\/\/api.w.org\/{rel}","templated":true}]}}