{"id":362837,"date":"2026-04-27T07:17:02","date_gmt":"2026-04-27T10:17:02","guid":{"rendered":"http:\/\/www.noticiasdelparana.com.ar\/NuevaEdicion\/?p=362837"},"modified":"2026-04-27T07:17:07","modified_gmt":"2026-04-27T10:17:07","slug":"corrientes-el-gobernador-valdez-se-reunio-con-ministros-nacionales","status":"publish","type":"post","link":"http:\/\/www.noticiasdelparana.com.ar\/NuevaEdicion\/2026\/04\/27\/corrientes-el-gobernador-valdez-se-reunio-con-ministros-nacionales\/","title":{"rendered":"CORRIENTES: El Gobernador Valdez Se Reuni\u00f3 Con Ministros Nacionales."},"content":{"rendered":"\n<p>El gobernador de Corrientes, Juan Pablo Vald\u00e9s, se refiri\u00f3 a la relaci\u00f3n actual con el Gobierno nacional y destac\u00f3 una mayor apertura al di\u00e1logo, aunque advirti\u00f3 que persisten reclamos hist\u00f3ricos que a\u00fan no encuentran resoluci\u00f3n definitiva.<\/p>\n\n\n\n<p>Seg\u00fan explic\u00f3, cada vez que funcionarios provinciales viajaron a Buenos Aires fueron recibidos con buena predisposici\u00f3n por parte de los ministros nacionales. En esos encuentros, adem\u00e1s de gestionar soluciones a distintos temas, la provincia plante\u00f3 la necesidad de mejorar las condiciones para la llegada de inversiones, uno de los ejes centrales de su administraci\u00f3n.<\/p>\n\n\n\n<p>No obstante, Vald\u00e9s remarc\u00f3 que contin\u00faan vigentes reclamos judiciales que la provincia mantiene ante la Corte Suprema. En ese sentido, se\u00f1al\u00f3 que el objetivo es avanzar en acuerdos pol\u00edticos que permitan evitar instancias judiciales, aprovechando el actual contexto de di\u00e1logo institucional, a diferencia de etapas anteriores donde \u0097seg\u00fan indic\u00f3\u0097 no exist\u00eda esa posibilidad.<\/p>\n\n\n\n<p>Uno de los temas principales en agenda es la negociaci\u00f3n vinculada a Yacyret\u00e1. El Mandatario explic\u00f3 que se realizaron presentaciones t\u00e9cnicas y pol\u00edticas, pero que a\u00fan resta una decisi\u00f3n pol\u00edtica a nivel nacional que habilite la firma de los acuerdos. &#8220;Todo est\u00e1 planteado y entendido, falta avanzar con la voluntad pol\u00edtica&#8221;, sostuvo.<\/p>\n\n\n\n<p>Una situaci\u00f3n similar se presenta con otros reclamos, como los vinculados al Instituto de Previsi\u00f3n Social (IPS), donde la provincia solicit\u00f3 pr\u00f3rrogas y mantiene una postura de espera y negociaci\u00f3n. Sin embargo, advirti\u00f3 que, de no haber avances, podr\u00edan retomar el camino judicial.<\/p>\n\n\n\n<p>En paralelo, Vald\u00e9s mencion\u00f3 las gestiones por la transferencia de tierras y bienes del Estado nacional. Explic\u00f3 que hubo avances administrativos, como la desafectaci\u00f3n de terrenos del Ej\u00e9rcito para su traspaso a la \u00f3rbita nacional, lo que permitir\u00eda posteriormente su cesi\u00f3n a la provincia como parte del pago de deudas. En ese marco, precis\u00f3 que la Naci\u00f3n mantiene una deuda con Corrientes cercana a los 37 mil millones de pesos.<\/p>\n\n\n\n<p>Por \u00faltimo, el Gobernador se refiri\u00f3 a la situaci\u00f3n del puerto, donde tambi\u00e9n se busca un acuerdo que permita ampliar su capacidad operativa. Se\u00f1al\u00f3 que la infraestructura actual se encuentra saturada y que su desarrollo es clave para acompa\u00f1ar el crecimiento productivo de la provincia.<\/p>\n\n\n\n<p>En este contexto, Vald\u00e9s reafirm\u00f3 la intenci\u00f3n de sostener el di\u00e1logo con la Naci\u00f3n, aunque subray\u00f3 la necesidad de avanzar en definiciones concretas que permitan destrabar proyectos estrat\u00e9gicos para Corrientes.<\/p>\n","protected":false},"excerpt":{"rendered":"<p>27-Abr-26    Negocia con la Naci\u00f3n, pero mantiene la firmeza de sus reclamos por las deudas<\/p>\n","protected":false},"author":3,"featured_media":362838,"comment_status":"closed","ping_status":"closed","sticky":false,"template":"","format":"standard","meta":[],"categories":[139],"tags":[],"_links":{"self":[{"href":"http:\/\/www.noticiasdelparana.com.ar\/NuevaEdicion\/wp-json\/wp\/v2\/posts\/362837"}],"collection":[{"href":"http:\/\/www.noticiasdelparana.com.ar\/NuevaEdicion\/wp-json\/wp\/v2\/posts"}],"about":[{"href":"http:\/\/www.noticiasdelparana.com.ar\/NuevaEdicion\/wp-json\/wp\/v2\/types\/post"}],"author":[{"embeddable":true,"href":"http:\/\/www.noticiasdelparana.com.ar\/NuevaEdicion\/wp-json\/wp\/v2\/users\/3"}],"replies":[{"embeddable":true,"href":"http:\/\/www.noticiasdelparana.com.ar\/NuevaEdicion\/wp-json\/wp\/v2\/comments?post=362837"}],"version-history":[{"count":1,"href":"http:\/\/www.noticiasdelparana.com.ar\/NuevaEdicion\/wp-json\/wp\/v2\/posts\/362837\/revisions"}],"predecessor-version":[{"id":362839,"href":"http:\/\/www.noticiasdelparana.com.ar\/NuevaEdicion\/wp-json\/wp\/v2\/posts\/362837\/revisions\/362839"}],"wp:featuredmedia":[{"embeddable":true,"href":"http:\/\/www.noticiasdelparana.com.ar\/NuevaEdicion\/wp-json\/wp\/v2\/media\/362838"}],"wp:attachment":[{"href":"http:\/\/www.noticiasdelparana.com.ar\/NuevaEdicion\/wp-json\/wp\/v2\/media?parent=362837"}],"wp:term":[{"taxonomy":"category","embeddable":true,"href":"http:\/\/www.noticiasdelparana.com.ar\/NuevaEdicion\/wp-json\/wp\/v2\/categories?post=362837"},{"taxonomy":"post_tag","embeddable":true,"href":"http:\/\/www.noticiasdelparana.com.ar\/NuevaEdicion\/wp-json\/wp\/v2\/tags?post=362837"}],"curies":[{"name":"wp","href":"https:\/\/api.w.org\/{rel}","templated":true}]}}