{"id":362851,"date":"2026-04-27T08:27:44","date_gmt":"2026-04-27T11:27:44","guid":{"rendered":"http:\/\/www.noticiasdelparana.com.ar\/NuevaEdicion\/?p=362851"},"modified":"2026-04-27T08:28:14","modified_gmt":"2026-04-27T11:28:14","slug":"chaco-zdero-fortalece-vinculos-con-la-union-europea","status":"publish","type":"post","link":"http:\/\/www.noticiasdelparana.com.ar\/NuevaEdicion\/2026\/04\/27\/chaco-zdero-fortalece-vinculos-con-la-union-europea\/","title":{"rendered":"CHACO:  Zdero Fortalece V\u00ednculos Con La Uni\u00f3n Europea"},"content":{"rendered":"\n<p>Esto\u00a0implica especial importancia ante la inminente entrada en vigencia, a partir del 1\u00b0 de mayo, del Acuerdo entre la Uni\u00f3n Europea y el Mercosur.<\/p>\n\n\n\n<p>La reuni\u00f3n dio continuidad a la agenda internacional iniciada durante la visita institucional del mandatario provincial a la sede en Bruselas, reafirmando el compromiso del Chaco de consolidar su inserci\u00f3n en los mercados globales. Este tratado abre un escenario de oportunidades para potenciar las exportaciones chaque\u00f1as y fortalecer los v\u00ednculos comerciales con uno de los principales bloques econ\u00f3micos del mundo.<\/p>\n\n\n\n<p>Durante la jornada, el pasado mi\u00e9rcoles, se abordaron ejes estrat\u00e9gicos claves para el desarrollo provincial. En materia de infraestructura, se plante\u00f3 posicionar al Chaco como nodo log\u00edstico regional del Norte Grande y del Cono Sur, aprovechando su ubicaci\u00f3n estrat\u00e9gica y capacidad para el flujo comercial hacia Europa. Asimismo, se analiz\u00f3 el impulso a las exportaciones con valor agregado, con foco en el crecimiento de las industrias locales y la eliminaci\u00f3n de barreras para los productos chaque\u00f1os.<\/p>\n\n\n\n<p>Adem\u00e1s, se avanz\u00f3 en la generaci\u00f3n de instancias de cooperaci\u00f3n internacional, orientadas a promover asistencia t\u00e9cnica y financiamientos en sectores productivos claves para la provincia.<\/p>\n\n\n\n<p>En este marco, el gobernador extendi\u00f3 una invitaci\u00f3n formal al embajador Erik H\u00f8eg para visitar la provincia del Chaco, con el objetivo de profundizar estas l\u00edneas de trabajo, propiciar encuentros con el sector empresarial local y dar a conocer el potencial productivo y la identidad cultural chaque\u00f1a.<\/p>\n","protected":false},"excerpt":{"rendered":"<p>27-Abr-26 En Buenos Aires, el  gobernador Leandro Zdero, acompa\u00f1ado por el presidente de la Agencia de Inversiones Chaco, Mart\u00edn Poccard, mantuvieron un encuentro con Erik H\u00f8eg, Embajador de la Uni\u00f3n Europea<\/p>\n","protected":false},"author":3,"featured_media":362852,"comment_status":"closed","ping_status":"closed","sticky":false,"template":"","format":"standard","meta":[],"categories":[98],"tags":[],"_links":{"self":[{"href":"http:\/\/www.noticiasdelparana.com.ar\/NuevaEdicion\/wp-json\/wp\/v2\/posts\/362851"}],"collection":[{"href":"http:\/\/www.noticiasdelparana.com.ar\/NuevaEdicion\/wp-json\/wp\/v2\/posts"}],"about":[{"href":"http:\/\/www.noticiasdelparana.com.ar\/NuevaEdicion\/wp-json\/wp\/v2\/types\/post"}],"author":[{"embeddable":true,"href":"http:\/\/www.noticiasdelparana.com.ar\/NuevaEdicion\/wp-json\/wp\/v2\/users\/3"}],"replies":[{"embeddable":true,"href":"http:\/\/www.noticiasdelparana.com.ar\/NuevaEdicion\/wp-json\/wp\/v2\/comments?post=362851"}],"version-history":[{"count":1,"href":"http:\/\/www.noticiasdelparana.com.ar\/NuevaEdicion\/wp-json\/wp\/v2\/posts\/362851\/revisions"}],"predecessor-version":[{"id":362853,"href":"http:\/\/www.noticiasdelparana.com.ar\/NuevaEdicion\/wp-json\/wp\/v2\/posts\/362851\/revisions\/362853"}],"wp:featuredmedia":[{"embeddable":true,"href":"http:\/\/www.noticiasdelparana.com.ar\/NuevaEdicion\/wp-json\/wp\/v2\/media\/362852"}],"wp:attachment":[{"href":"http:\/\/www.noticiasdelparana.com.ar\/NuevaEdicion\/wp-json\/wp\/v2\/media?parent=362851"}],"wp:term":[{"taxonomy":"category","embeddable":true,"href":"http:\/\/www.noticiasdelparana.com.ar\/NuevaEdicion\/wp-json\/wp\/v2\/categories?post=362851"},{"taxonomy":"post_tag","embeddable":true,"href":"http:\/\/www.noticiasdelparana.com.ar\/NuevaEdicion\/wp-json\/wp\/v2\/tags?post=362851"}],"curies":[{"name":"wp","href":"https:\/\/api.w.org\/{rel}","templated":true}]}}