{"id":362857,"date":"2026-04-27T09:06:30","date_gmt":"2026-04-27T12:06:30","guid":{"rendered":"http:\/\/www.noticiasdelparana.com.ar\/NuevaEdicion\/?p=362857"},"modified":"2026-04-27T09:06:33","modified_gmt":"2026-04-27T12:06:33","slug":"musica-xavi-reija-activa-la-cuenta-atras-para-el-estreno-global-en-streaming-de-nu-breed-el-proximo-27-de-abril","status":"publish","type":"post","link":"http:\/\/www.noticiasdelparana.com.ar\/NuevaEdicion\/2026\/04\/27\/musica-xavi-reija-activa-la-cuenta-atras-para-el-estreno-global-en-streaming-de-nu-breed-el-proximo-27-de-abril\/","title":{"rendered":"MUSICA: Xavi Reija Activa La Cuenta Atr\u00e1s Para El Estreno Global En \u00abStreaming\u00bb De \u00abNu Breed\u00bb El Pr\u00f3ximo 27 De Abril"},"content":{"rendered":"\n<p>Este evento global permitir\u00e1 que la cr\u00edtica especializada y los seguidores de todo el mundo sigan en tiempo real, a trav\u00e9s de YouTube aqu\u00ed, una muestra de veinte minutos del concierto de presentaci\u00f3n oficial que tendr\u00e1 lugar en la sala Aclam de Barcelona.<\/p>\n\n\n\n<p>El tiempo se agota para la puesta de largo de uno de los proyectos m\u00e1s ambiciosos del jazz de vanguardia europeo. El baterista y compositor Xavi Reija ultima los detalles de su gran evento internacional: una emisi\u00f3n en abierto que tendr\u00e1 lugar el pr\u00f3ximo 27 de abril a las 20:00 horas. A trav\u00e9s de una retransmisi\u00f3n global v\u00eda YouTube, seguidores y cr\u00edtica especializada de todo el mundo podr\u00e1n presenciar, en tiempo real, una muestra de alto voltaje del concierto de presentaci\u00f3n oficial de su nuevo \u00e1lbum, \u00abNu Breed\u00bb, grabado desde la emblem\u00e1tica sala Aclam de Barcelona.<\/p>\n\n\n\n<p>Con el disco ya consolidado en plataformas y estanter\u00edas, este hito audiovisual supone la prueba de fuego para el Xavi Reija Electric Quintet. La formaci\u00f3n, que huye de las estructuras convencionales para abrazar la libertad del jazz el\u00e9ctrico, ofrece un sonido crudo donde la electricidad dicta las normas. El quinteto, integrado por personalidades de la talla de Rafael Garc\u00e9s (saxo), Du\u0161an Jevtovic (guitarra el\u00e9ctrica), Tom\u00e0s Fosch (teclados) y Bernat Hern\u00e1ndez (bajo el\u00e9ctrico), factura una m\u00fasica que bebe de la garra de King Crimson y la audacia de Miles Davis, resultando en una propuesta de una intensidad emocional infrecuente.<\/p>\n\n\n\n<p>La trayectoria de Reija, formado con honores en el Berklee College of Music y galardonado con un Premio Emmy, avala esta apuesta por la experimentaci\u00f3n t\u00e9cnica y la energ\u00eda salvaje. Tras colaborar con figuras como Tony Levin o Markus Reuter, el m\u00fasico catal\u00e1n utiliza esta ventana digital para derribar fronteras geogr\u00e1ficas y reivindicar el directo como el h\u00e1bitat natural de su creatividad. La cita del 27 de abril, de acceso exclusivo por invitaci\u00f3n en la sala pero abierta al planeta a trav\u00e9s de la red, representa la confirmaci\u00f3n definitiva de Xavi Reija como un pilar fundamental de la vanguardia el\u00e9ctrica actual.<\/p>\n\n\n\n<p>Con este despliegue t\u00e9cnico y art\u00edstico, Xavi Reija no solo presenta un \u00e1lbum, sino que inaugura un nuevo est\u00e1ndar para el jazz de autor, donde la tecnolog\u00eda y el virtuosismo convergen para salvar las distancias y convertir cada pantalla en una trinchera de vanguardia sonora. La cuenta atr\u00e1s ha comenzado.<\/p>\n","protected":false},"excerpt":{"rendered":"<p>27-Abr-26 El baterista y compositor Xavi Reija ha anunciado que la puesta de largo de su nuevo trabajo discogr\u00e1fico, \u00abNu Breed\u00bb, contar\u00e1 con una emisi\u00f3n internacional en abierto (streaming) el pr\u00f3ximo 27 de abril a las 20:00h. <\/p>\n","protected":false},"author":4,"featured_media":362861,"comment_status":"closed","ping_status":"closed","sticky":false,"template":"","format":"standard","meta":[],"categories":[105],"tags":[],"_links":{"self":[{"href":"http:\/\/www.noticiasdelparana.com.ar\/NuevaEdicion\/wp-json\/wp\/v2\/posts\/362857"}],"collection":[{"href":"http:\/\/www.noticiasdelparana.com.ar\/NuevaEdicion\/wp-json\/wp\/v2\/posts"}],"about":[{"href":"http:\/\/www.noticiasdelparana.com.ar\/NuevaEdicion\/wp-json\/wp\/v2\/types\/post"}],"author":[{"embeddable":true,"href":"http:\/\/www.noticiasdelparana.com.ar\/NuevaEdicion\/wp-json\/wp\/v2\/users\/4"}],"replies":[{"embeddable":true,"href":"http:\/\/www.noticiasdelparana.com.ar\/NuevaEdicion\/wp-json\/wp\/v2\/comments?post=362857"}],"version-history":[{"count":1,"href":"http:\/\/www.noticiasdelparana.com.ar\/NuevaEdicion\/wp-json\/wp\/v2\/posts\/362857\/revisions"}],"predecessor-version":[{"id":362862,"href":"http:\/\/www.noticiasdelparana.com.ar\/NuevaEdicion\/wp-json\/wp\/v2\/posts\/362857\/revisions\/362862"}],"wp:featuredmedia":[{"embeddable":true,"href":"http:\/\/www.noticiasdelparana.com.ar\/NuevaEdicion\/wp-json\/wp\/v2\/media\/362861"}],"wp:attachment":[{"href":"http:\/\/www.noticiasdelparana.com.ar\/NuevaEdicion\/wp-json\/wp\/v2\/media?parent=362857"}],"wp:term":[{"taxonomy":"category","embeddable":true,"href":"http:\/\/www.noticiasdelparana.com.ar\/NuevaEdicion\/wp-json\/wp\/v2\/categories?post=362857"},{"taxonomy":"post_tag","embeddable":true,"href":"http:\/\/www.noticiasdelparana.com.ar\/NuevaEdicion\/wp-json\/wp\/v2\/tags?post=362857"}],"curies":[{"name":"wp","href":"https:\/\/api.w.org\/{rel}","templated":true}]}}