{"id":362869,"date":"2026-04-27T09:17:24","date_gmt":"2026-04-27T12:17:24","guid":{"rendered":"http:\/\/www.noticiasdelparana.com.ar\/NuevaEdicion\/?p=362869"},"modified":"2026-04-27T09:17:28","modified_gmt":"2026-04-27T12:17:28","slug":"fontana-dos-detenidos-por-la-muerte-de-un-hombre-de-70-anos","status":"publish","type":"post","link":"http:\/\/www.noticiasdelparana.com.ar\/NuevaEdicion\/2026\/04\/27\/fontana-dos-detenidos-por-la-muerte-de-un-hombre-de-70-anos\/","title":{"rendered":"FONTANA: Dos Detenidos Por La Muerte De Un Hombre De 70 A\u00f1os"},"content":{"rendered":"\n<p>Un homicidio ocurrido en el barrio Balastro II de Fontana deriv\u00f3 en la detenci\u00f3n de dos hombres de 59 y 19 a\u00f1os, se\u00f1alados como presuntos implicados en la muerte de un vecino de 70 a\u00f1os.<\/p>\n\n\n\n<p>El caso comenz\u00f3 a tomar forma pasada la medianoche del domingo, cuando un hombre de 59 a\u00f1os ingres\u00f3 con heridas de arma blanca al Hospital Luis Fleitas. Mientras era atendido, relat\u00f3 a los efectivos que hab\u00eda estado bebiendo alcohol junto a otro hombre en el barrio Balastro y que, tras una discusi\u00f3n, se produjo una pelea.<\/p>\n\n\n\n<p>En paralelo, personal de la Comisar\u00eda Primera acudi\u00f3 al lugar mencionado y encontr\u00f3 a un hombre de 70 a\u00f1os sin signos vitales. Ante la gravedad de la escena, se dio inmediata intervenci\u00f3n a la fiscal\u00eda en turno.<\/p>\n\n\n\n<p>El hombre hospitalizado qued\u00f3 bajo custodia policial al ser considerado uno de los protagonistas del hecho. En el lugar trabajaron efectivos del Departamento de Investigaciones Complejas junto al gabinete cient\u00edfico del Poder Judicial, quienes realizaron el relevamiento de la escena.<\/p>\n\n\n\n<p>Durante las pericias se tomaron muestras de sangre mediante hisopados, se secuestr\u00f3 un tel\u00e9fono celular y un vaso de vidrio, y se inici\u00f3 un relevamiento de testimonios entre vecinos. A partir de esos datos, los investigadores hallaron a pocos metros del lugar un machete con manchas de sangre, oculto entre la maleza.<\/p>\n\n\n\n<p>La fiscal\u00eda dispuso la aprehensi\u00f3n de los dos involucrados, el secuestro de sus prendas de vestir y la realizaci\u00f3n de los correspondientes test de alcoholemia, mientras avanza la investigaci\u00f3n para esclarecer la mec\u00e1nica del hecho.<\/p>\n","protected":false},"excerpt":{"rendered":"<p>27-Abr-26   La v\u00edctima fue hallada sin vida en el barrio Balastro II. Uno de los sospechosos lleg\u00f3 herido al hospital y qued\u00f3 bajo custodia. Secuestraron un machete con manchas de sangre.<\/p>\n","protected":false},"author":3,"featured_media":362870,"comment_status":"closed","ping_status":"closed","sticky":false,"template":"","format":"standard","meta":[],"categories":[103],"tags":[],"_links":{"self":[{"href":"http:\/\/www.noticiasdelparana.com.ar\/NuevaEdicion\/wp-json\/wp\/v2\/posts\/362869"}],"collection":[{"href":"http:\/\/www.noticiasdelparana.com.ar\/NuevaEdicion\/wp-json\/wp\/v2\/posts"}],"about":[{"href":"http:\/\/www.noticiasdelparana.com.ar\/NuevaEdicion\/wp-json\/wp\/v2\/types\/post"}],"author":[{"embeddable":true,"href":"http:\/\/www.noticiasdelparana.com.ar\/NuevaEdicion\/wp-json\/wp\/v2\/users\/3"}],"replies":[{"embeddable":true,"href":"http:\/\/www.noticiasdelparana.com.ar\/NuevaEdicion\/wp-json\/wp\/v2\/comments?post=362869"}],"version-history":[{"count":1,"href":"http:\/\/www.noticiasdelparana.com.ar\/NuevaEdicion\/wp-json\/wp\/v2\/posts\/362869\/revisions"}],"predecessor-version":[{"id":362871,"href":"http:\/\/www.noticiasdelparana.com.ar\/NuevaEdicion\/wp-json\/wp\/v2\/posts\/362869\/revisions\/362871"}],"wp:featuredmedia":[{"embeddable":true,"href":"http:\/\/www.noticiasdelparana.com.ar\/NuevaEdicion\/wp-json\/wp\/v2\/media\/362870"}],"wp:attachment":[{"href":"http:\/\/www.noticiasdelparana.com.ar\/NuevaEdicion\/wp-json\/wp\/v2\/media?parent=362869"}],"wp:term":[{"taxonomy":"category","embeddable":true,"href":"http:\/\/www.noticiasdelparana.com.ar\/NuevaEdicion\/wp-json\/wp\/v2\/categories?post=362869"},{"taxonomy":"post_tag","embeddable":true,"href":"http:\/\/www.noticiasdelparana.com.ar\/NuevaEdicion\/wp-json\/wp\/v2\/tags?post=362869"}],"curies":[{"name":"wp","href":"https:\/\/api.w.org\/{rel}","templated":true}]}}