{"id":362872,"date":"2026-04-27T10:01:41","date_gmt":"2026-04-27T13:01:41","guid":{"rendered":"http:\/\/www.noticiasdelparana.com.ar\/NuevaEdicion\/?p=362872"},"modified":"2026-04-27T10:01:47","modified_gmt":"2026-04-27T13:01:47","slug":"barranqueras-continuan-con-gran-convocatoria-los-talleres-culturales-gratuitos","status":"publish","type":"post","link":"http:\/\/www.noticiasdelparana.com.ar\/NuevaEdicion\/2026\/04\/27\/barranqueras-continuan-con-gran-convocatoria-los-talleres-culturales-gratuitos\/","title":{"rendered":"BARRANQUERAS:  Contin\u00faan Con Gran Convocatoria Los Talleres Culturales Gratuitos"},"content":{"rendered":"\n<p>En este marco, en el Centro Cultural La Flota se dictan clases de folclore totalmente gratuitas, una propuesta que busca fomentar el aprendizaje art\u00edstico y fortalecer la identidad cultural local.<\/p>\n\n\n\n<p>Las clases se llevan a cabo todos los mi\u00e9rcoles a las 20:30 horas, en la sede ubicada en Capit\u00e1n Solari 123, y a\u00fan cuentan con cupos disponibles para quienes deseen sumarse.<\/p>\n\n\n\n<p>Desde la Secretar\u00eda destacaron que estos espacios forman parte de una pol\u00edtica cultural orientada a promover la formaci\u00f3n de nuevos talentos y generar \u00e1mbitos de encuentro comunitario a trav\u00e9s del arte.<\/p>\n","protected":false},"excerpt":{"rendered":"<p>27-Abr-26   La Municipalidad de Barranqueras inform\u00f3 que los talleres culturales impulsados por la Secretar\u00eda de Cultura y Turismo siguen desarroll\u00e1ndose con una destacada participaci\u00f3n de vecinos.<\/p>\n","protected":false},"author":3,"featured_media":362873,"comment_status":"closed","ping_status":"closed","sticky":false,"template":"","format":"standard","meta":[],"categories":[99,108],"tags":[],"_links":{"self":[{"href":"http:\/\/www.noticiasdelparana.com.ar\/NuevaEdicion\/wp-json\/wp\/v2\/posts\/362872"}],"collection":[{"href":"http:\/\/www.noticiasdelparana.com.ar\/NuevaEdicion\/wp-json\/wp\/v2\/posts"}],"about":[{"href":"http:\/\/www.noticiasdelparana.com.ar\/NuevaEdicion\/wp-json\/wp\/v2\/types\/post"}],"author":[{"embeddable":true,"href":"http:\/\/www.noticiasdelparana.com.ar\/NuevaEdicion\/wp-json\/wp\/v2\/users\/3"}],"replies":[{"embeddable":true,"href":"http:\/\/www.noticiasdelparana.com.ar\/NuevaEdicion\/wp-json\/wp\/v2\/comments?post=362872"}],"version-history":[{"count":1,"href":"http:\/\/www.noticiasdelparana.com.ar\/NuevaEdicion\/wp-json\/wp\/v2\/posts\/362872\/revisions"}],"predecessor-version":[{"id":362874,"href":"http:\/\/www.noticiasdelparana.com.ar\/NuevaEdicion\/wp-json\/wp\/v2\/posts\/362872\/revisions\/362874"}],"wp:featuredmedia":[{"embeddable":true,"href":"http:\/\/www.noticiasdelparana.com.ar\/NuevaEdicion\/wp-json\/wp\/v2\/media\/362873"}],"wp:attachment":[{"href":"http:\/\/www.noticiasdelparana.com.ar\/NuevaEdicion\/wp-json\/wp\/v2\/media?parent=362872"}],"wp:term":[{"taxonomy":"category","embeddable":true,"href":"http:\/\/www.noticiasdelparana.com.ar\/NuevaEdicion\/wp-json\/wp\/v2\/categories?post=362872"},{"taxonomy":"post_tag","embeddable":true,"href":"http:\/\/www.noticiasdelparana.com.ar\/NuevaEdicion\/wp-json\/wp\/v2\/tags?post=362872"}],"curies":[{"name":"wp","href":"https:\/\/api.w.org\/{rel}","templated":true}]}}