{"id":362880,"date":"2026-04-27T10:28:43","date_gmt":"2026-04-27T13:28:43","guid":{"rendered":"http:\/\/www.noticiasdelparana.com.ar\/NuevaEdicion\/?p=362880"},"modified":"2026-04-27T10:28:46","modified_gmt":"2026-04-27T13:28:46","slug":"chaco-finalizo-la-inscripcion-online-del-ipduv-para-viviendas-en-san-bernardo","status":"publish","type":"post","link":"http:\/\/www.noticiasdelparana.com.ar\/NuevaEdicion\/2026\/04\/27\/chaco-finalizo-la-inscripcion-online-del-ipduv-para-viviendas-en-san-bernardo\/","title":{"rendered":"CHACO: Finaliz\u00f3 La Inscripci\u00f3n Online Del Ipduv Para Viviendas En San Bernardo"},"content":{"rendered":"\n<p>El pasado lunes 20 de abril, el IPDUV abri\u00f3 la convocatoria en el marco del Programa Provincial de Construcci\u00f3n de Viviendas, logrando una respuesta positiva de los vecinos interesados en acceder a su casa propia.<\/p>\n\n\n\n<p>Las unidades forman parte de una obra iniciada hace m\u00e1s de diez a\u00f1os dentro del programa \u201cSue\u00f1os Compartidos\u201d, impulsado por la organizaci\u00f3n Madres de Plaza de Mayo y financiado en aquel momento por el Estado nacional. Tras permanecer paralizadas durante a\u00f1os, las obras fueron recientemente reactivadas por el Gobierno provincial.<\/p>\n\n\n\n<p>Desde el Ejecutivo se remarc\u00f3 que el objetivo central fue finalizar los trabajos y avanzar en la entrega de las viviendas, garantizando transparencia mediante un sorteo p\u00fablico de adjudicaci\u00f3n. Para participar, los postulantes debieron acreditar un ingreso familiar m\u00ednimo de $900.000 y completar la inscripci\u00f3n a trav\u00e9s de la p\u00e1gina oficial del IPDUV y la plataforma Tu Gobierno Digital.<\/p>\n\n\n\n<p>La reactivaci\u00f3n de este proyecto fue posible gracias al financiamiento provincial, bajo criterios de administraci\u00f3n responsable de los recursos p\u00fablicos.<\/p>\n\n\n\n<p>De esta manera, la culminaci\u00f3n del plan habitacional representa un avance significativo en la recuperaci\u00f3n de obras inconclusas y permite que numerosas familias de San Bernardo puedan acceder finalmente a una vivienda propia.<\/p>\n","protected":false},"excerpt":{"rendered":"<p>27-Abr-26 El proceso de inscripci\u00f3n para acceder a las unidades habitacionales en San Bernardo, a trav\u00e9s del Instituto Provincial de Desarrollo Urbano y Vivienda, concluy\u00f3 con una amplia participaci\u00f3n de familias de la comunidad, consolidando la recuperaci\u00f3n de un proyecto que llevaba m\u00e1s de una d\u00e9cada inconcluso.<\/p>\n","protected":false},"author":3,"featured_media":362881,"comment_status":"closed","ping_status":"closed","sticky":false,"template":"","format":"standard","meta":[],"categories":[98],"tags":[],"_links":{"self":[{"href":"http:\/\/www.noticiasdelparana.com.ar\/NuevaEdicion\/wp-json\/wp\/v2\/posts\/362880"}],"collection":[{"href":"http:\/\/www.noticiasdelparana.com.ar\/NuevaEdicion\/wp-json\/wp\/v2\/posts"}],"about":[{"href":"http:\/\/www.noticiasdelparana.com.ar\/NuevaEdicion\/wp-json\/wp\/v2\/types\/post"}],"author":[{"embeddable":true,"href":"http:\/\/www.noticiasdelparana.com.ar\/NuevaEdicion\/wp-json\/wp\/v2\/users\/3"}],"replies":[{"embeddable":true,"href":"http:\/\/www.noticiasdelparana.com.ar\/NuevaEdicion\/wp-json\/wp\/v2\/comments?post=362880"}],"version-history":[{"count":1,"href":"http:\/\/www.noticiasdelparana.com.ar\/NuevaEdicion\/wp-json\/wp\/v2\/posts\/362880\/revisions"}],"predecessor-version":[{"id":362882,"href":"http:\/\/www.noticiasdelparana.com.ar\/NuevaEdicion\/wp-json\/wp\/v2\/posts\/362880\/revisions\/362882"}],"wp:featuredmedia":[{"embeddable":true,"href":"http:\/\/www.noticiasdelparana.com.ar\/NuevaEdicion\/wp-json\/wp\/v2\/media\/362881"}],"wp:attachment":[{"href":"http:\/\/www.noticiasdelparana.com.ar\/NuevaEdicion\/wp-json\/wp\/v2\/media?parent=362880"}],"wp:term":[{"taxonomy":"category","embeddable":true,"href":"http:\/\/www.noticiasdelparana.com.ar\/NuevaEdicion\/wp-json\/wp\/v2\/categories?post=362880"},{"taxonomy":"post_tag","embeddable":true,"href":"http:\/\/www.noticiasdelparana.com.ar\/NuevaEdicion\/wp-json\/wp\/v2\/tags?post=362880"}],"curies":[{"name":"wp","href":"https:\/\/api.w.org\/{rel}","templated":true}]}}