{"id":362890,"date":"2026-04-27T11:17:22","date_gmt":"2026-04-27T14:17:22","guid":{"rendered":"http:\/\/www.noticiasdelparana.com.ar\/NuevaEdicion\/?p=362890"},"modified":"2026-04-27T11:17:25","modified_gmt":"2026-04-27T14:17:25","slug":"corrientes-principio-de-incendio-en-el-mercado-de-concentracion","status":"publish","type":"post","link":"http:\/\/www.noticiasdelparana.com.ar\/NuevaEdicion\/2026\/04\/27\/corrientes-principio-de-incendio-en-el-mercado-de-concentracion\/","title":{"rendered":"CORRIENTES:  Principio De Incendio En El Mercado De Concentraci\u00f3n"},"content":{"rendered":"\n<p>&nbsp;&nbsp;Seg\u00fan las primeras hip\u00f3tesis, el fuego se habr\u00eda originado por cables de alta tensi\u00f3n que atraviesan el \u00e1rbol. En cuesti\u00f3n de segundos, la situaci\u00f3n encendi\u00f3 las alarmas entre quienes se encontraban en el lugar.&nbsp;<\/p>\n\n\n\n<p>&nbsp;&nbsp;Personal de Bomberos de la Polic\u00eda de Corrientes trabaj\u00f3 en la zona para controlar el foco \u00edgneo y evitar mayores consecuencias. Por el momento no se reportaron personas heridas.<\/p>\n","protected":false},"excerpt":{"rendered":"<p>27-Abr-26   Trabajadores y clientes advirtieron llamas en la copa de un \u00e1rbol dentro del predio ubicado sobre avenida Independencia al 5400, generando preocupaci\u00f3n inmediata.  <\/p>\n","protected":false},"author":3,"featured_media":362891,"comment_status":"closed","ping_status":"closed","sticky":false,"template":"","format":"standard","meta":[],"categories":[139],"tags":[],"_links":{"self":[{"href":"http:\/\/www.noticiasdelparana.com.ar\/NuevaEdicion\/wp-json\/wp\/v2\/posts\/362890"}],"collection":[{"href":"http:\/\/www.noticiasdelparana.com.ar\/NuevaEdicion\/wp-json\/wp\/v2\/posts"}],"about":[{"href":"http:\/\/www.noticiasdelparana.com.ar\/NuevaEdicion\/wp-json\/wp\/v2\/types\/post"}],"author":[{"embeddable":true,"href":"http:\/\/www.noticiasdelparana.com.ar\/NuevaEdicion\/wp-json\/wp\/v2\/users\/3"}],"replies":[{"embeddable":true,"href":"http:\/\/www.noticiasdelparana.com.ar\/NuevaEdicion\/wp-json\/wp\/v2\/comments?post=362890"}],"version-history":[{"count":1,"href":"http:\/\/www.noticiasdelparana.com.ar\/NuevaEdicion\/wp-json\/wp\/v2\/posts\/362890\/revisions"}],"predecessor-version":[{"id":362892,"href":"http:\/\/www.noticiasdelparana.com.ar\/NuevaEdicion\/wp-json\/wp\/v2\/posts\/362890\/revisions\/362892"}],"wp:featuredmedia":[{"embeddable":true,"href":"http:\/\/www.noticiasdelparana.com.ar\/NuevaEdicion\/wp-json\/wp\/v2\/media\/362891"}],"wp:attachment":[{"href":"http:\/\/www.noticiasdelparana.com.ar\/NuevaEdicion\/wp-json\/wp\/v2\/media?parent=362890"}],"wp:term":[{"taxonomy":"category","embeddable":true,"href":"http:\/\/www.noticiasdelparana.com.ar\/NuevaEdicion\/wp-json\/wp\/v2\/categories?post=362890"},{"taxonomy":"post_tag","embeddable":true,"href":"http:\/\/www.noticiasdelparana.com.ar\/NuevaEdicion\/wp-json\/wp\/v2\/tags?post=362890"}],"curies":[{"name":"wp","href":"https:\/\/api.w.org\/{rel}","templated":true}]}}