{"id":362893,"date":"2026-04-27T12:41:08","date_gmt":"2026-04-27T15:41:08","guid":{"rendered":"http:\/\/www.noticiasdelparana.com.ar\/NuevaEdicion\/?p=362893"},"modified":"2026-04-27T12:41:11","modified_gmt":"2026-04-27T15:41:11","slug":"chaco-huertas-escolares-la-eep-51-de-selvas-del-rio-de-oro-recibio-insumos-y-herramientas-de-jardineria","status":"publish","type":"post","link":"http:\/\/www.noticiasdelparana.com.ar\/NuevaEdicion\/2026\/04\/27\/chaco-huertas-escolares-la-eep-51-de-selvas-del-rio-de-oro-recibio-insumos-y-herramientas-de-jardineria\/","title":{"rendered":"CHACO: Huertas Escolares: La EEP 51 De Selvas Del R\u00edo De Oro Recibi\u00f3 Insumos Y Herramientas De Jardiner\u00eda"},"content":{"rendered":"\n<p>La actividad se llev\u00f3 adelante junto a la Fundaci\u00f3n Soy Chaco, que acompa\u00f1\u00f3 la iniciativa con la provisi\u00f3n de herramientas e insumos necesarios para el mantenimiento y desarrollo de los espacios productivos dentro de la instituci\u00f3n. Adem\u00e1s, el Gobernador mantuvo un di\u00e1logo con docentes de la instituci\u00f3n sobre las jornadas orientadas a fortalecer la fluidez y la comprensi\u00f3n lectora, destacando la importancia de acompa\u00f1ar estos procesos pedag\u00f3gicos para seguir mejorando los aprendizajes en el aula.<\/p>\n\n\n\n<p>La directora de la fundaci\u00f3n, Mar\u00eda Martina, destac\u00f3 la importancia de la entrega al se\u00f1alar que se trata de \u201cuna respuesta a una solicitud concreta de la escuela, vinculada al trabajo de huertas comunitarias que forman parte de la formaci\u00f3n de los alumnos\u201d. Adem\u00e1s, remarc\u00f3 que la acci\u00f3n se enmarca en el compromiso asumido por el gobernador de acompa\u00f1ar a las instituciones educativas del interior provincial. \u201cHoy estamos cumpliendo con una promesa, acercando herramientas que permitir\u00e1n a los chicos aprender y trabajar en la huerta escolar, fortaleciendo valores como el esfuerzo, el trabajo en equipo y el cuidado del entorno\u201d, expres\u00f3.<\/p>\n\n\n\n<p>\u201dES UNA GRATA SORPRESA RECIBIR AL SE\u00d1OR GOBERNADOR\u201d<\/p>\n\n\n\n<p>Por su parte, la directora de la instituci\u00f3n, Celia Cabrera, valor\u00f3 la presencia del mandatario provincial y la concreci\u00f3n de esta entrega. \u201cEs una grata sorpresa recibir al se\u00f1or gobernador en nuestra escuelita rural, y m\u00e1s a\u00fan con la noticia de que nos trae elementos tan necesarios para la huerta escolar, que ven\u00edamos solicitando desde hace tiempo\u201d, indic\u00f3.<\/p>\n\n\n\n<p>En ese sentido, explic\u00f3 que la escuela cuenta con una matr\u00edcula de 145 alumnos y dos anexos ubicados a unos 7 kil\u00f3metros, donde tambi\u00e9n se desarrollar\u00e1n las actividades. \u201cTenemos los espacios y una docente a cargo, pero nos faltaban las herramientas. Ahora, gracias a esta entrega, vamos a poder poner en marcha y fortalecer estos proyectos en todos los sectores\u201d, agreg\u00f3.<\/p>\n\n\n\n<p>La iniciativa busca promover pr\u00e1cticas educativas vinculadas a la producci\u00f3n sustentable, la alimentaci\u00f3n saludable y el aprendizaje pr\u00e1ctico en contextos rurales, beneficiando a toda la comunidad educativa.<\/p>\n","protected":false},"excerpt":{"rendered":"<p>27-Abr-26   Este lunes, el gobernador Leandro Zdero estuvo en la Escuela de Educaci\u00f3n Primaria N\u00b0 51 \u201cTeniente Ib\u00e1\u00f1ez\u201d, donde concret\u00f3 la entrega de insumos y herramientas de jardiner\u00eda destinados al fortalecimiento de la huerta escolar, dando respuesta a un pedido de la comunidad educativa.<\/p>\n","protected":false},"author":3,"featured_media":362894,"comment_status":"closed","ping_status":"closed","sticky":false,"template":"","format":"standard","meta":[],"categories":[98],"tags":[],"_links":{"self":[{"href":"http:\/\/www.noticiasdelparana.com.ar\/NuevaEdicion\/wp-json\/wp\/v2\/posts\/362893"}],"collection":[{"href":"http:\/\/www.noticiasdelparana.com.ar\/NuevaEdicion\/wp-json\/wp\/v2\/posts"}],"about":[{"href":"http:\/\/www.noticiasdelparana.com.ar\/NuevaEdicion\/wp-json\/wp\/v2\/types\/post"}],"author":[{"embeddable":true,"href":"http:\/\/www.noticiasdelparana.com.ar\/NuevaEdicion\/wp-json\/wp\/v2\/users\/3"}],"replies":[{"embeddable":true,"href":"http:\/\/www.noticiasdelparana.com.ar\/NuevaEdicion\/wp-json\/wp\/v2\/comments?post=362893"}],"version-history":[{"count":1,"href":"http:\/\/www.noticiasdelparana.com.ar\/NuevaEdicion\/wp-json\/wp\/v2\/posts\/362893\/revisions"}],"predecessor-version":[{"id":362895,"href":"http:\/\/www.noticiasdelparana.com.ar\/NuevaEdicion\/wp-json\/wp\/v2\/posts\/362893\/revisions\/362895"}],"wp:featuredmedia":[{"embeddable":true,"href":"http:\/\/www.noticiasdelparana.com.ar\/NuevaEdicion\/wp-json\/wp\/v2\/media\/362894"}],"wp:attachment":[{"href":"http:\/\/www.noticiasdelparana.com.ar\/NuevaEdicion\/wp-json\/wp\/v2\/media?parent=362893"}],"wp:term":[{"taxonomy":"category","embeddable":true,"href":"http:\/\/www.noticiasdelparana.com.ar\/NuevaEdicion\/wp-json\/wp\/v2\/categories?post=362893"},{"taxonomy":"post_tag","embeddable":true,"href":"http:\/\/www.noticiasdelparana.com.ar\/NuevaEdicion\/wp-json\/wp\/v2\/tags?post=362893"}],"curies":[{"name":"wp","href":"https:\/\/api.w.org\/{rel}","templated":true}]}}