{"id":362897,"date":"2026-04-27T12:58:51","date_gmt":"2026-04-27T15:58:51","guid":{"rendered":"http:\/\/www.noticiasdelparana.com.ar\/NuevaEdicion\/?p=362897"},"modified":"2026-04-27T13:04:52","modified_gmt":"2026-04-27T16:04:52","slug":"en-noviembre-llega-fito-paez-al-cocomarola","status":"publish","type":"post","link":"http:\/\/www.noticiasdelparana.com.ar\/NuevaEdicion\/2026\/04\/27\/en-noviembre-llega-fito-paez-al-cocomarola\/","title":{"rendered":"CORRIENTES:   En Noviembre Llega Fito Paez Al Cocomarola"},"content":{"rendered":"\n<p>El espect\u00e1culo tendr\u00e1 lugar el pr\u00f3ximo 7 de noviembre en el emblem\u00e1tico Anfiteatro Mario del Tr\u00e1nsito Cocomarola, donde el artista ofrecer\u00e1 un show concebido desde cero, con versiones in\u00e9ditas de sus grandes canciones y una cuidada puesta en escena.<\/p>\n\n\n\n<p>Esta gira abre un nuevo cap\u00edtulo en el recorrido art\u00edstico de P\u00e1ez y marca el inicio de una etapa completamente renovada en su carrera. El tour propone una experiencia integral en la que cada detalle fue trabajado con precisi\u00f3n artesanal: arreglos, sonidos y recursos esc\u00e9nicos que reflejan la profundidad de un artista que conoce su obra en cada matiz.<\/p>\n\n\n\n<figure class=\"wp-block-image size-large\"><img loading=\"lazy\" width=\"640\" height=\"480\" src=\"http:\/\/www.noticiasdelparana.com.ar\/NuevaEdicion\/wp-content\/uploads\/2026\/04\/fito-paez.jpg\" alt=\"\" class=\"wp-image-362898\" srcset=\"http:\/\/www.noticiasdelparana.com.ar\/NuevaEdicion\/wp-content\/uploads\/2026\/04\/fito-paez.jpg 640w, http:\/\/www.noticiasdelparana.com.ar\/NuevaEdicion\/wp-content\/uploads\/2026\/04\/fito-paez-300x225.jpg 300w\" sizes=\"(max-width: 640px) 100vw, 640px\" \/><\/figure>\n\n\n\n<p>\u201cSale el Sol Tour 2026\u201d se presenta como un viaje por las canciones m\u00e1s emblem\u00e1ticas de su repertorio, pero tambi\u00e9n como una nueva lectura de las mismas. Fito P\u00e1ez revisita sus cl\u00e1sicos, los reinterpreta y los resignifica, logrando un concierto que combina la energ\u00eda de su presente con la emoci\u00f3n acumulada a lo largo de toda su trayectoria musical.<\/p>\n\n\n\n<p>En cuanto a la venta de entradas, la preventa exclusiva con tarjetas BBVA Visa comenzar\u00e1 el martes 28 de abril a las 12 horas, con la posibilidad de acceder a hasta seis cuotas sin inter\u00e9s. Por su parte, la venta general se habilitar\u00e1 el mi\u00e9rcoles 29 de abril, tambi\u00e9n desde el mediod\u00eda, a trav\u00e9s de la plataforma All Access.<\/p>\n\n\n\n<p>De esta manera, Corrientes se suma al recorrido nacional de uno de los artistas m\u00e1s influyentes del rock argentino, en un espect\u00e1culo que promete convocar a numerosas personas y posicionarse como uno de los eventos musicales m\u00e1s destacados del a\u00f1o en la regi\u00f3n.<\/p>\n","protected":false},"excerpt":{"rendered":"<p>27-Abr-26    El reconocido m\u00fasico argentino Fito P\u00e1ez volver\u00e1 a los escenarios del pa\u00eds con una propuesta completamente renovada y llegar\u00e1 a Corrientes en el marco de su nueva gira \u201cSale el Sol Tour 2026\u201d.<\/p>\n","protected":false},"author":3,"featured_media":362900,"comment_status":"closed","ping_status":"closed","sticky":false,"template":"","format":"standard","meta":[],"categories":[139,108],"tags":[],"_links":{"self":[{"href":"http:\/\/www.noticiasdelparana.com.ar\/NuevaEdicion\/wp-json\/wp\/v2\/posts\/362897"}],"collection":[{"href":"http:\/\/www.noticiasdelparana.com.ar\/NuevaEdicion\/wp-json\/wp\/v2\/posts"}],"about":[{"href":"http:\/\/www.noticiasdelparana.com.ar\/NuevaEdicion\/wp-json\/wp\/v2\/types\/post"}],"author":[{"embeddable":true,"href":"http:\/\/www.noticiasdelparana.com.ar\/NuevaEdicion\/wp-json\/wp\/v2\/users\/3"}],"replies":[{"embeddable":true,"href":"http:\/\/www.noticiasdelparana.com.ar\/NuevaEdicion\/wp-json\/wp\/v2\/comments?post=362897"}],"version-history":[{"count":2,"href":"http:\/\/www.noticiasdelparana.com.ar\/NuevaEdicion\/wp-json\/wp\/v2\/posts\/362897\/revisions"}],"predecessor-version":[{"id":362901,"href":"http:\/\/www.noticiasdelparana.com.ar\/NuevaEdicion\/wp-json\/wp\/v2\/posts\/362897\/revisions\/362901"}],"wp:featuredmedia":[{"embeddable":true,"href":"http:\/\/www.noticiasdelparana.com.ar\/NuevaEdicion\/wp-json\/wp\/v2\/media\/362900"}],"wp:attachment":[{"href":"http:\/\/www.noticiasdelparana.com.ar\/NuevaEdicion\/wp-json\/wp\/v2\/media?parent=362897"}],"wp:term":[{"taxonomy":"category","embeddable":true,"href":"http:\/\/www.noticiasdelparana.com.ar\/NuevaEdicion\/wp-json\/wp\/v2\/categories?post=362897"},{"taxonomy":"post_tag","embeddable":true,"href":"http:\/\/www.noticiasdelparana.com.ar\/NuevaEdicion\/wp-json\/wp\/v2\/tags?post=362897"}],"curies":[{"name":"wp","href":"https:\/\/api.w.org\/{rel}","templated":true}]}}