{"id":362905,"date":"2026-04-27T13:22:03","date_gmt":"2026-04-27T16:22:03","guid":{"rendered":"http:\/\/www.noticiasdelparana.com.ar\/NuevaEdicion\/?p=362905"},"modified":"2026-04-27T13:22:05","modified_gmt":"2026-04-27T16:22:05","slug":"chaco-secheep-fuerte-despliegue-en-zonas-anegadas-para-normalizar-el-servicio","status":"publish","type":"post","link":"http:\/\/www.noticiasdelparana.com.ar\/NuevaEdicion\/2026\/04\/27\/chaco-secheep-fuerte-despliegue-en-zonas-anegadas-para-normalizar-el-servicio\/","title":{"rendered":"CHACO: SECHEEP: Fuerte Despliegue En Zonas Anegadas  Para Normalizar El Servicio"},"content":{"rendered":"\n<p>Trabajan principalmente en Juan Jos\u00e9 Castelli, Villa R\u00edo Bermejito, Miraflores, El Espinillo y Pampa del Indio, entre otros, donde el gran caudal de agua aneg\u00f3 amplios sectores\u201d.<\/p>\n\n\n\n<p>En ese marco, la empresa junto a las dem\u00e1s \u00e1reas del gobierno provincial, activaron su Plan de Contingencia para intervenir de manera r\u00e1pida y segura ante las contingencias clim\u00e1ticas. \u201cLa red de media tensi\u00f3n fue restablecida r\u00e1pidamente, y luego se avanz\u00f3 en tareas puntuales en zonas cr\u00edticas, especialmente en \u00e1reas rurales\u201d, agreg\u00f3 Bistoletti.&nbsp;<\/p>\n\n\n\n<figure class=\"wp-block-image size-large\"><img loading=\"lazy\" width=\"640\" height=\"480\" src=\"https:\/\/www.noticiasdelparana.com.ar\/NuevaEdicion\/wp-content\/uploads\/2026\/04\/secheep-inundados.jpg\" alt=\"\" class=\"wp-image-362907\" srcset=\"http:\/\/www.noticiasdelparana.com.ar\/NuevaEdicion\/wp-content\/uploads\/2026\/04\/secheep-inundados.jpg 640w, http:\/\/www.noticiasdelparana.com.ar\/NuevaEdicion\/wp-content\/uploads\/2026\/04\/secheep-inundados-300x225.jpg 300w\" sizes=\"(max-width: 640px) 100vw, 640px\" \/><\/figure>\n\n\n\n<p>INTENSA TAREA EN EL NORTE PROVINCIAL<\/p>\n\n\n\n<p>Por su parte, el gerente de la zona Norte, Eduardo Mart\u00ednez, explic\u00f3 que las primeras acciones estuvieron orientadas a prevenir riesgos el\u00e9ctricos. \u201cSe trabaj\u00f3 en la eliminaci\u00f3n de posibles focos de electrocuci\u00f3n en zonas anegadas y luego en la normalizaci\u00f3n del servicio afectado\u201d, indic\u00f3.<\/p>\n\n\n\n<p>El temporal provoc\u00f3 da\u00f1os&nbsp; muy considerables en la infraestructura el\u00e9ctrica.<\/p>\n\n\n\n<p>En muchos casos, las cuadrillas debieron acceder a zonas rurales mediante tractores, a pie o incluso a caballo, debido a las dificultades de circulaci\u00f3n generadas por el agua acumulada.<\/p>\n\n\n\n<p>Adem\u00e1s de las lluvias r\u00e9cord, fuertes vientos y descargas el\u00e9ctricas generaron la ca\u00edda de \u00e1rboles, postes y l\u00edneas de distribuci\u00f3n, afectando el normal abastecimiento energ\u00e9tico.<\/p>\n\n\n\n<p>Tambi\u00e9n en la zona rural de Colonia Popular y Laguna Blanca, un tornado derrib\u00f3 nueve torres met\u00e1licas de alta tensi\u00f3n en una l\u00ednea de 132 KV, en un \u00e1rea de dif\u00edcil acceso. La reparaci\u00f3n demandar\u00e1 aproximadamente dos meses y una inversi\u00f3n superior a los 500 millones de pesos, en un trabajo conjunto con la Subsecretar\u00eda de Energ\u00eda del Ministerio de Infraestructura.<\/p>\n\n\n\n<p>En paralelo, contin\u00faan las intervenciones en el centro y sudoeste provincial, sum\u00e1ndose a los trabajos realizados en el \u00e1rea metropolitana durante la \u00faltima semana.<\/p>\n\n\n\n<p>Desde la empresa solicitaron a la comunidad colaboraci\u00f3n y precauci\u00f3n ante el contexto clim\u00e1tico, recomendando evitar el contacto con postes ca\u00eddos o cables sueltos. Para emergencias, se encuentran habilitadas las v\u00edas de contacto: 0800-7777-589, WhatsApp 364-4377044, la aplicaci\u00f3n oficial y las redes sociales de la empresa.<\/p>\n","protected":false},"excerpt":{"rendered":"<p>27-Abr-26   El presidente de Secheep, Jos\u00e9 Bistoletti, se\u00f1al\u00f3 que \u201cdesde hace m\u00e1s de una semana se ha multiplicado la presencia de personal y maquinarias en toda la provincia.<\/p>\n","protected":false},"author":3,"featured_media":362906,"comment_status":"closed","ping_status":"closed","sticky":false,"template":"","format":"standard","meta":[],"categories":[98],"tags":[],"_links":{"self":[{"href":"http:\/\/www.noticiasdelparana.com.ar\/NuevaEdicion\/wp-json\/wp\/v2\/posts\/362905"}],"collection":[{"href":"http:\/\/www.noticiasdelparana.com.ar\/NuevaEdicion\/wp-json\/wp\/v2\/posts"}],"about":[{"href":"http:\/\/www.noticiasdelparana.com.ar\/NuevaEdicion\/wp-json\/wp\/v2\/types\/post"}],"author":[{"embeddable":true,"href":"http:\/\/www.noticiasdelparana.com.ar\/NuevaEdicion\/wp-json\/wp\/v2\/users\/3"}],"replies":[{"embeddable":true,"href":"http:\/\/www.noticiasdelparana.com.ar\/NuevaEdicion\/wp-json\/wp\/v2\/comments?post=362905"}],"version-history":[{"count":1,"href":"http:\/\/www.noticiasdelparana.com.ar\/NuevaEdicion\/wp-json\/wp\/v2\/posts\/362905\/revisions"}],"predecessor-version":[{"id":362908,"href":"http:\/\/www.noticiasdelparana.com.ar\/NuevaEdicion\/wp-json\/wp\/v2\/posts\/362905\/revisions\/362908"}],"wp:featuredmedia":[{"embeddable":true,"href":"http:\/\/www.noticiasdelparana.com.ar\/NuevaEdicion\/wp-json\/wp\/v2\/media\/362906"}],"wp:attachment":[{"href":"http:\/\/www.noticiasdelparana.com.ar\/NuevaEdicion\/wp-json\/wp\/v2\/media?parent=362905"}],"wp:term":[{"taxonomy":"category","embeddable":true,"href":"http:\/\/www.noticiasdelparana.com.ar\/NuevaEdicion\/wp-json\/wp\/v2\/categories?post=362905"},{"taxonomy":"post_tag","embeddable":true,"href":"http:\/\/www.noticiasdelparana.com.ar\/NuevaEdicion\/wp-json\/wp\/v2\/tags?post=362905"}],"curies":[{"name":"wp","href":"https:\/\/api.w.org\/{rel}","templated":true}]}}