{"id":362909,"date":"2026-04-27T13:37:33","date_gmt":"2026-04-27T16:37:33","guid":{"rendered":"http:\/\/www.noticiasdelparana.com.ar\/NuevaEdicion\/?p=362909"},"modified":"2026-04-27T13:37:37","modified_gmt":"2026-04-27T16:37:37","slug":"barranqueras-vecinos-reclaman-mejoras-en-la-calle-felipe-gallardo","status":"publish","type":"post","link":"http:\/\/www.noticiasdelparana.com.ar\/NuevaEdicion\/2026\/04\/27\/barranqueras-vecinos-reclaman-mejoras-en-la-calle-felipe-gallardo\/","title":{"rendered":"BARRANQUERAS:  Vecinos Reclaman Mejoras En La Calle Felipe Gallardo"},"content":{"rendered":"\n<p>Seg\u00fan relataron, se trata de una arteria de tierra que qued\u00f3 severamente deteriorada por las lluvias, lo que dificulta \u2014y en algunos casos impide\u2014 la circulaci\u00f3n de veh\u00edculos y peatones. \u201cEs imposible salir para llevar a los chicos a la escuela\u201d, manifestaron, reflejando la complicada situaci\u00f3n que atraviesan a diario.<\/p>\n\n\n\n<p>El mal estado del camino no solo afecta la movilidad cotidiana, sino tambi\u00e9n el acceso a servicios esenciales, generando inconvenientes para trabajadores, estudiantes y eventuales emergencias.<\/p>\n\n\n\n<p>Ante la reciente mejora en las condiciones clim\u00e1ticas, los vecinos solicitaron la intervenci\u00f3n de las autoridades competentes para realizar trabajos de reparaci\u00f3n y mantenimiento, que permitan restablecer la transitabilidad de la calle y garantizar condiciones seguras para quienes viven en el barrio.<\/p>\n","protected":false},"excerpt":{"rendered":"<p>27-Abr-26  Vecinos del barrio Monte Alto expresaron su preocupaci\u00f3n por el estado de la calle Felipe Gallardo, la \u00fanica v\u00eda de acceso y egreso del sector, que se encuentra pr\u00e1cticamente intransitable tras varias semanas de intensas precipitaciones.<\/p>\n","protected":false},"author":3,"featured_media":362910,"comment_status":"closed","ping_status":"closed","sticky":false,"template":"","format":"standard","meta":[],"categories":[99],"tags":[],"_links":{"self":[{"href":"http:\/\/www.noticiasdelparana.com.ar\/NuevaEdicion\/wp-json\/wp\/v2\/posts\/362909"}],"collection":[{"href":"http:\/\/www.noticiasdelparana.com.ar\/NuevaEdicion\/wp-json\/wp\/v2\/posts"}],"about":[{"href":"http:\/\/www.noticiasdelparana.com.ar\/NuevaEdicion\/wp-json\/wp\/v2\/types\/post"}],"author":[{"embeddable":true,"href":"http:\/\/www.noticiasdelparana.com.ar\/NuevaEdicion\/wp-json\/wp\/v2\/users\/3"}],"replies":[{"embeddable":true,"href":"http:\/\/www.noticiasdelparana.com.ar\/NuevaEdicion\/wp-json\/wp\/v2\/comments?post=362909"}],"version-history":[{"count":1,"href":"http:\/\/www.noticiasdelparana.com.ar\/NuevaEdicion\/wp-json\/wp\/v2\/posts\/362909\/revisions"}],"predecessor-version":[{"id":362911,"href":"http:\/\/www.noticiasdelparana.com.ar\/NuevaEdicion\/wp-json\/wp\/v2\/posts\/362909\/revisions\/362911"}],"wp:featuredmedia":[{"embeddable":true,"href":"http:\/\/www.noticiasdelparana.com.ar\/NuevaEdicion\/wp-json\/wp\/v2\/media\/362910"}],"wp:attachment":[{"href":"http:\/\/www.noticiasdelparana.com.ar\/NuevaEdicion\/wp-json\/wp\/v2\/media?parent=362909"}],"wp:term":[{"taxonomy":"category","embeddable":true,"href":"http:\/\/www.noticiasdelparana.com.ar\/NuevaEdicion\/wp-json\/wp\/v2\/categories?post=362909"},{"taxonomy":"post_tag","embeddable":true,"href":"http:\/\/www.noticiasdelparana.com.ar\/NuevaEdicion\/wp-json\/wp\/v2\/tags?post=362909"}],"curies":[{"name":"wp","href":"https:\/\/api.w.org\/{rel}","templated":true}]}}