{"id":362915,"date":"2026-04-27T14:24:41","date_gmt":"2026-04-27T17:24:41","guid":{"rendered":"http:\/\/www.noticiasdelparana.com.ar\/NuevaEdicion\/?p=362915"},"modified":"2026-04-27T14:24:44","modified_gmt":"2026-04-27T17:24:44","slug":"resistencia-jopara-teatro-presenta-bufon-en-casa-de-las-culturas","status":"publish","type":"post","link":"http:\/\/www.noticiasdelparana.com.ar\/NuevaEdicion\/2026\/04\/27\/resistencia-jopara-teatro-presenta-bufon-en-casa-de-las-culturas\/","title":{"rendered":"RESISTENCIA: Jopara Teatro Presenta \u201cBuf\u00f3n\u201d En Casa De Las Culturas"},"content":{"rendered":"\n<p>Desde una mirada cr\u00edtica y po\u00e9tica, Buf\u00f3n recupera esa figura hist\u00f3rica como contrapunto del poder establecido: un personaje irreverente que desaf\u00eda lo solemne y cuestiona las estructuras sociales desde el humor, la iron\u00eda y la provocaci\u00f3n. La obra propone una experiencia teatral intensa, donde la risa y la reflexi\u00f3n conviven frente a los l\u00edmites de lo sagrado y lo institucional.<\/p>\n\n\n\n<p>El espect\u00e1culo cuenta con actuaci\u00f3n de Julieta Daga, dramaturgia y direcci\u00f3n de Luciano Delprato, dise\u00f1o sonoro de Gerardo Schiav\u00f3n, dise\u00f1o escenogr\u00e1fico de Luciano Delprato y Juliana Manarino Tachella, asistencia dramat\u00fargica de Marcos C\u00e1ceres y producci\u00f3n general de Mar\u00eda Paula Del Prato.<\/p>\n\n\n\n<p>La obra fue distinguida con los premios a Mejor Actuaci\u00f3n y Mejor Dise\u00f1o Escenogr\u00e1fico en el marco del Festival FEATEC, organizado por la Municipalidad de C\u00f3rdoba. Adem\u00e1s, fue seleccionada para participar de la Fiesta Provincial del Teatro, impulsada por el Instituto Nacional del Teatro, y cuenta con coproducci\u00f3n de la DocumentA\/Esc\u00e9nicas.<\/p>\n\n\n\n<p>Las entradas se comercializan por sistema de venta por lotes: el primer lote tiene un valor de $15.000 y estar\u00e1 disponible hasta el 10 de mayo; el segundo lote, de $20.000, podr\u00e1 adquirirse hasta el 30 de mayo; y el tercer lote tendr\u00e1 un valor de $30.000.<\/p>\n\n\n\n<p>Las reservas se realizan exclusivamente a trav\u00e9s de Jopara Teatro, al tel\u00e9fono 3794-088486. Organiza e invita Jopara Teatro.<\/p>\n","protected":false},"excerpt":{"rendered":"<p>27-Abr-26      El s\u00e1bado 13 de junio a las 21, la compa\u00f1\u00eda Jopara Teatro subir\u00e1 al escenario de la Casa de las Culturas con la obra \u201cBuf\u00f3n\u201d que invita a reflexionar sobre las relaciones de poder, la condici\u00f3n humana y el absurdo de la existencia.<\/p>\n","protected":false},"author":3,"featured_media":362916,"comment_status":"closed","ping_status":"closed","sticky":false,"template":"","format":"standard","meta":[],"categories":[105],"tags":[],"_links":{"self":[{"href":"http:\/\/www.noticiasdelparana.com.ar\/NuevaEdicion\/wp-json\/wp\/v2\/posts\/362915"}],"collection":[{"href":"http:\/\/www.noticiasdelparana.com.ar\/NuevaEdicion\/wp-json\/wp\/v2\/posts"}],"about":[{"href":"http:\/\/www.noticiasdelparana.com.ar\/NuevaEdicion\/wp-json\/wp\/v2\/types\/post"}],"author":[{"embeddable":true,"href":"http:\/\/www.noticiasdelparana.com.ar\/NuevaEdicion\/wp-json\/wp\/v2\/users\/3"}],"replies":[{"embeddable":true,"href":"http:\/\/www.noticiasdelparana.com.ar\/NuevaEdicion\/wp-json\/wp\/v2\/comments?post=362915"}],"version-history":[{"count":1,"href":"http:\/\/www.noticiasdelparana.com.ar\/NuevaEdicion\/wp-json\/wp\/v2\/posts\/362915\/revisions"}],"predecessor-version":[{"id":362917,"href":"http:\/\/www.noticiasdelparana.com.ar\/NuevaEdicion\/wp-json\/wp\/v2\/posts\/362915\/revisions\/362917"}],"wp:featuredmedia":[{"embeddable":true,"href":"http:\/\/www.noticiasdelparana.com.ar\/NuevaEdicion\/wp-json\/wp\/v2\/media\/362916"}],"wp:attachment":[{"href":"http:\/\/www.noticiasdelparana.com.ar\/NuevaEdicion\/wp-json\/wp\/v2\/media?parent=362915"}],"wp:term":[{"taxonomy":"category","embeddable":true,"href":"http:\/\/www.noticiasdelparana.com.ar\/NuevaEdicion\/wp-json\/wp\/v2\/categories?post=362915"},{"taxonomy":"post_tag","embeddable":true,"href":"http:\/\/www.noticiasdelparana.com.ar\/NuevaEdicion\/wp-json\/wp\/v2\/tags?post=362915"}],"curies":[{"name":"wp","href":"https:\/\/api.w.org\/{rel}","templated":true}]}}