{"id":362924,"date":"2026-04-27T14:34:58","date_gmt":"2026-04-27T17:34:58","guid":{"rendered":"http:\/\/www.noticiasdelparana.com.ar\/NuevaEdicion\/?p=362924"},"modified":"2026-04-27T14:35:03","modified_gmt":"2026-04-27T17:35:03","slug":"chaco-el-ciclo-poen-alarcon-presenta-la-vida-en-el-arte-en-el-guido-miranda","status":"publish","type":"post","link":"http:\/\/www.noticiasdelparana.com.ar\/NuevaEdicion\/2026\/04\/27\/chaco-el-ciclo-poen-alarcon-presenta-la-vida-en-el-arte-en-el-guido-miranda\/","title":{"rendered":"CHACO: El Ciclo Poen Alarc\u00f3n Presenta \u201cLa Vida En El Arte\u201d En El Guido Miranda"},"content":{"rendered":"\n<p>\u00bfD\u00f3nde termina la teor\u00eda y empieza la existencia? &#8220;La vida en el arte&#8221; es una conferencia perform\u00e1tica que habita la tensi\u00f3n entre la rigidez del discurso acad\u00e9mico y la libertad del absurdo. A trav\u00e9s de un cruce de lenguajes, la obra reflexiona sobre el oficio art\u00edstico, desarmando las estructuras formales para encontrar la parodia en lo solemne. Una invitaci\u00f3n a explorar la propia vida donde la est\u00e9tica se vuelve cuerpo y la identidad se pone en juego.<\/p>\n\n\n\n<p>Las entradas tienen un valor general de $10.000 y $8000 para estudiantes y jubilados y se pueden adquirir en la boleter\u00eda del teatro de mi\u00e9rcoles a s\u00e1bados de 17 a 21 horas.<\/p>\n\n\n\n<p>El ciclo<\/p>\n\n\n\n<p>El Ciclo Poen Alarc\u00f3n, que lleva el nombre de una figura chaque\u00f1a pionera del teatro se lleva a cabo hace varios a\u00f1os en el Guido Miranda. Del mismo han participado actores, actrices, directores y autores de nuestro pa\u00eds y de la regi\u00f3n. Est\u00e1 destinado a grupos de teatro y directores cuyo espect\u00e1culo presente una configuraci\u00f3n esc\u00e9nica tal que permita una puesta intimista, compartiendo escenario con el p\u00fablico.<\/p>\n","protected":false},"excerpt":{"rendered":"<p>27-Abr-26     27-Abr-26   El jueves 14 de mayo a las 20.30, se presentar\u00e1 dentro del ciclo Poen Alarc\u00f3n del Complejo Cultural Guido Miranda (Col\u00f3n 164), la obra Conferencia Performativa: \u201cLa Vida en el Arte\u201d de Joaqu\u00edn Nato.<\/p>\n","protected":false},"author":3,"featured_media":362925,"comment_status":"closed","ping_status":"closed","sticky":false,"template":"","format":"standard","meta":[],"categories":[105],"tags":[],"_links":{"self":[{"href":"http:\/\/www.noticiasdelparana.com.ar\/NuevaEdicion\/wp-json\/wp\/v2\/posts\/362924"}],"collection":[{"href":"http:\/\/www.noticiasdelparana.com.ar\/NuevaEdicion\/wp-json\/wp\/v2\/posts"}],"about":[{"href":"http:\/\/www.noticiasdelparana.com.ar\/NuevaEdicion\/wp-json\/wp\/v2\/types\/post"}],"author":[{"embeddable":true,"href":"http:\/\/www.noticiasdelparana.com.ar\/NuevaEdicion\/wp-json\/wp\/v2\/users\/3"}],"replies":[{"embeddable":true,"href":"http:\/\/www.noticiasdelparana.com.ar\/NuevaEdicion\/wp-json\/wp\/v2\/comments?post=362924"}],"version-history":[{"count":1,"href":"http:\/\/www.noticiasdelparana.com.ar\/NuevaEdicion\/wp-json\/wp\/v2\/posts\/362924\/revisions"}],"predecessor-version":[{"id":362926,"href":"http:\/\/www.noticiasdelparana.com.ar\/NuevaEdicion\/wp-json\/wp\/v2\/posts\/362924\/revisions\/362926"}],"wp:featuredmedia":[{"embeddable":true,"href":"http:\/\/www.noticiasdelparana.com.ar\/NuevaEdicion\/wp-json\/wp\/v2\/media\/362925"}],"wp:attachment":[{"href":"http:\/\/www.noticiasdelparana.com.ar\/NuevaEdicion\/wp-json\/wp\/v2\/media?parent=362924"}],"wp:term":[{"taxonomy":"category","embeddable":true,"href":"http:\/\/www.noticiasdelparana.com.ar\/NuevaEdicion\/wp-json\/wp\/v2\/categories?post=362924"},{"taxonomy":"post_tag","embeddable":true,"href":"http:\/\/www.noticiasdelparana.com.ar\/NuevaEdicion\/wp-json\/wp\/v2\/tags?post=362924"}],"curies":[{"name":"wp","href":"https:\/\/api.w.org\/{rel}","templated":true}]}}