{"id":362927,"date":"2026-04-27T17:07:37","date_gmt":"2026-04-27T20:07:37","guid":{"rendered":"http:\/\/www.noticiasdelparana.com.ar\/NuevaEdicion\/?p=362927"},"modified":"2026-04-27T17:07:41","modified_gmt":"2026-04-27T20:07:41","slug":"du-graty-aprehenden-a-un-hombre-en-estado-de-ebriedad-y-secuestran-un-vehiculo","status":"publish","type":"post","link":"http:\/\/www.noticiasdelparana.com.ar\/NuevaEdicion\/2026\/04\/27\/du-graty-aprehenden-a-un-hombre-en-estado-de-ebriedad-y-secuestran-un-vehiculo\/","title":{"rendered":"DU GRATY: Aprehenden A Un Hombre En Estado De Ebriedad Y Secuestran Un Veh\u00edculo"},"content":{"rendered":"\n<p>En fecha de ayer alrededor de las 23, los efectivos procedieron a la conducci\u00f3n de un hombre que se encontraba en aparente estado de ebriedad y generando disturbios en la v\u00eda p\u00fablica, siendo trasladado a la dependencia policial.<\/p>\n\n\n\n<p>Por disposici\u00f3n del Juzgado de Paz y Faltas local, se dispuso su aprehensi\u00f3n en car\u00e1cter contravencional por supuesta infracci\u00f3n a los art\u00edculos 60\u00b0 y 78\u00b0 del C\u00f3digo de Faltas Provincial .<\/p>\n\n\n\n<p>El ciudadano fue examinado por el m\u00e9dico de turno del hospital local, quien diagnostic\u00f3 un hematoma en la regi\u00f3n del p\u00f3mulo derecho y signos compatibles con ingesta alcoh\u00f3lica.<\/p>\n\n\n\n<p>Asimismo, en el marco del procedimiento, se tom\u00f3 conocimiento de una situaci\u00f3n previa vinculada a una discusi\u00f3n con su ex pareja, quien se encontraba en el lugar, sin que la misma manifestara intenci\u00f3n de radicar denuncia penal.<\/p>\n\n\n\n<p>Finalmente, se procedi\u00f3 al secuestro preventivo de un autom\u00f3vil marca Chevrolet modelo Cruze, color blanco, con el objetivo de resguardar el bien hasta tanto se acredite su propiedad.<\/p>\n","protected":false},"excerpt":{"rendered":"<p>27-Abr-26 Personal policial de la Comisar\u00eda intervino en un procedimiento registrado en el barrio La Terminal de la localidad.<\/p>\n","protected":false},"author":3,"featured_media":362928,"comment_status":"closed","ping_status":"closed","sticky":false,"template":"","format":"standard","meta":[],"categories":[103],"tags":[],"_links":{"self":[{"href":"http:\/\/www.noticiasdelparana.com.ar\/NuevaEdicion\/wp-json\/wp\/v2\/posts\/362927"}],"collection":[{"href":"http:\/\/www.noticiasdelparana.com.ar\/NuevaEdicion\/wp-json\/wp\/v2\/posts"}],"about":[{"href":"http:\/\/www.noticiasdelparana.com.ar\/NuevaEdicion\/wp-json\/wp\/v2\/types\/post"}],"author":[{"embeddable":true,"href":"http:\/\/www.noticiasdelparana.com.ar\/NuevaEdicion\/wp-json\/wp\/v2\/users\/3"}],"replies":[{"embeddable":true,"href":"http:\/\/www.noticiasdelparana.com.ar\/NuevaEdicion\/wp-json\/wp\/v2\/comments?post=362927"}],"version-history":[{"count":1,"href":"http:\/\/www.noticiasdelparana.com.ar\/NuevaEdicion\/wp-json\/wp\/v2\/posts\/362927\/revisions"}],"predecessor-version":[{"id":362929,"href":"http:\/\/www.noticiasdelparana.com.ar\/NuevaEdicion\/wp-json\/wp\/v2\/posts\/362927\/revisions\/362929"}],"wp:featuredmedia":[{"embeddable":true,"href":"http:\/\/www.noticiasdelparana.com.ar\/NuevaEdicion\/wp-json\/wp\/v2\/media\/362928"}],"wp:attachment":[{"href":"http:\/\/www.noticiasdelparana.com.ar\/NuevaEdicion\/wp-json\/wp\/v2\/media?parent=362927"}],"wp:term":[{"taxonomy":"category","embeddable":true,"href":"http:\/\/www.noticiasdelparana.com.ar\/NuevaEdicion\/wp-json\/wp\/v2\/categories?post=362927"},{"taxonomy":"post_tag","embeddable":true,"href":"http:\/\/www.noticiasdelparana.com.ar\/NuevaEdicion\/wp-json\/wp\/v2\/tags?post=362927"}],"curies":[{"name":"wp","href":"https:\/\/api.w.org\/{rel}","templated":true}]}}