{"id":362933,"date":"2026-04-27T17:12:56","date_gmt":"2026-04-27T20:12:56","guid":{"rendered":"http:\/\/www.noticiasdelparana.com.ar\/NuevaEdicion\/?p=362933"},"modified":"2026-04-27T17:13:01","modified_gmt":"2026-04-27T20:13:01","slug":"resistencia-tras-un-rapido-accionar-policial-recuperaron-elementos-robados-de-una-escuela","status":"publish","type":"post","link":"http:\/\/www.noticiasdelparana.com.ar\/NuevaEdicion\/2026\/04\/27\/resistencia-tras-un-rapido-accionar-policial-recuperaron-elementos-robados-de-una-escuela\/","title":{"rendered":"RESISTENCIA: Tras Un R\u00e1pido Accionar Policial Recuperaron Elementos Robados De Una Escuela"},"content":{"rendered":"\n<p>Un hecho de robo y da\u00f1os ocurrido en la Escuela E.G.B. N\u00b0 319, ubicada sobre calle Arist\u00f3bulo del Valle al 1900 de la ciudad de Resistencia, fue esclarecido en pocas horas gracias a la r\u00e1pida intervenci\u00f3n del personal de la Comisar\u00eda Novena.<\/p>\n\n\n\n<p>El hecho fue denunciado este lunes por la directora del establecimiento, quien inform\u00f3 que al ingresar al edificio cerca de las 6.30 de la ma\u00f1ana, el personal de maestranza detect\u00f3 que cuatro c\u00e1maras de seguridad hab\u00edan sido violentadas.<\/p>\n\n\n\n<p>Al inspeccionar el lugar, se constat\u00f3 adem\u00e1s la sustracci\u00f3n de dos ventiladores de techo y un parlante amplificador.<\/p>\n\n\n\n<p>A partir de la denuncia, efectivos del servicio externo iniciaron tareas investigativas que incluyeron el an\u00e1lisis de las filmaciones aportadas. En ellas se logr\u00f3 observar a un hombre que, cerca de las 2 de la madrugada, ingres\u00f3 al establecimiento y destruy\u00f3 los dispositivos de seguridad.<\/p>\n\n\n\n<p>Gracias a las caracter\u00edsticas f\u00edsicas registradas en las im\u00e1genes, los agentes identificaron al sospechoso. Con esa informaci\u00f3n, se despleg\u00f3 un rastrillaje en las inmediaciones, donde localizaron al individuo mientras intentaba ocultar los elementos sustra\u00eddos en un terreno bald\u00edo. En ese momento fue demorado y se procedi\u00f3 al secuestro de los objetos robados.<\/p>\n\n\n\n<p>En el procedimiento intervino tambi\u00e9n personal del Departamento Cibercrimen y estuvo presente en el lugar el Comisario Inspector Rolando Daniel Sosa, supervisor de la Zona I Metropolitana.<\/p>\n\n\n\n<p>La Fiscal\u00eda N\u00b0 6, a cargo de la doctora Mariana Echarri, dispuso la aprehensi\u00f3n del sospechoso en la causa por \u201csupuesto robo y da\u00f1os\u201d.<\/p>\n\n\n\n<p>En tanto, los elementos sustra\u00eddos fueron recuperados en su totalidad y devueltos al establecimiento educativo.<\/p>\n","protected":false},"excerpt":{"rendered":"<p> 27-Abr-26 Por el hecho hay un hombre detenido. Los bienes fueron devueltos al establecimiento.<\/p>\n","protected":false},"author":3,"featured_media":362934,"comment_status":"closed","ping_status":"closed","sticky":false,"template":"","format":"standard","meta":[],"categories":[103],"tags":[],"_links":{"self":[{"href":"http:\/\/www.noticiasdelparana.com.ar\/NuevaEdicion\/wp-json\/wp\/v2\/posts\/362933"}],"collection":[{"href":"http:\/\/www.noticiasdelparana.com.ar\/NuevaEdicion\/wp-json\/wp\/v2\/posts"}],"about":[{"href":"http:\/\/www.noticiasdelparana.com.ar\/NuevaEdicion\/wp-json\/wp\/v2\/types\/post"}],"author":[{"embeddable":true,"href":"http:\/\/www.noticiasdelparana.com.ar\/NuevaEdicion\/wp-json\/wp\/v2\/users\/3"}],"replies":[{"embeddable":true,"href":"http:\/\/www.noticiasdelparana.com.ar\/NuevaEdicion\/wp-json\/wp\/v2\/comments?post=362933"}],"version-history":[{"count":1,"href":"http:\/\/www.noticiasdelparana.com.ar\/NuevaEdicion\/wp-json\/wp\/v2\/posts\/362933\/revisions"}],"predecessor-version":[{"id":362935,"href":"http:\/\/www.noticiasdelparana.com.ar\/NuevaEdicion\/wp-json\/wp\/v2\/posts\/362933\/revisions\/362935"}],"wp:featuredmedia":[{"embeddable":true,"href":"http:\/\/www.noticiasdelparana.com.ar\/NuevaEdicion\/wp-json\/wp\/v2\/media\/362934"}],"wp:attachment":[{"href":"http:\/\/www.noticiasdelparana.com.ar\/NuevaEdicion\/wp-json\/wp\/v2\/media?parent=362933"}],"wp:term":[{"taxonomy":"category","embeddable":true,"href":"http:\/\/www.noticiasdelparana.com.ar\/NuevaEdicion\/wp-json\/wp\/v2\/categories?post=362933"},{"taxonomy":"post_tag","embeddable":true,"href":"http:\/\/www.noticiasdelparana.com.ar\/NuevaEdicion\/wp-json\/wp\/v2\/tags?post=362933"}],"curies":[{"name":"wp","href":"https:\/\/api.w.org\/{rel}","templated":true}]}}