{"id":362939,"date":"2026-04-27T17:21:00","date_gmt":"2026-04-27T20:21:00","guid":{"rendered":"http:\/\/www.noticiasdelparana.com.ar\/NuevaEdicion\/?p=362939"},"modified":"2026-04-27T17:21:05","modified_gmt":"2026-04-27T20:21:05","slug":"resistencia-apunalaron-a-un-detenido-dentro-de-una-comisaria","status":"publish","type":"post","link":"http:\/\/www.noticiasdelparana.com.ar\/NuevaEdicion\/2026\/04\/27\/resistencia-apunalaron-a-un-detenido-dentro-de-una-comisaria\/","title":{"rendered":"RESISTENCIA: Apu\u00f1alaron    A Un Detenido Dentro De Una Comisar\u00eda"},"content":{"rendered":"\n<p>De acuerdo a las primeras informaciones, el joven sufri\u00f3 una herida de arma blanca en la zona del pecho, adem\u00e1s de m\u00faltiples lesiones en el rostro. Tras el ataque, fue trasladado de urgencia al Hospital Perrando, donde permanece estable, aunque con un cuadro delicado.<\/p>\n\n\n\n<p>Seg\u00fan se pudo saber, los presuntos agresores ser\u00edan dos detenidos con quienes la v\u00edctima manten\u00eda conflictos previos dentro de la dependencia.<\/p>\n\n\n\n<p>Pese a la gravedad del hecho, el joven habr\u00eda decidido no radicar denuncia formal.<\/p>\n\n\n\n<p>La causa qued\u00f3 en manos de la Justicia, que investiga las circunstancias del ataque ocurrido dentro de la sede policial.<\/p>\n","protected":false},"excerpt":{"rendered":"<p>27-Abr-26   Un grave hecho de violencia se registr\u00f3 en la Comisar\u00eda 12\u00aa de Resistencia, donde un detenido fue agredido por otros internos y debi\u00f3 ser hospitalizado.<\/p>\n","protected":false},"author":3,"featured_media":362940,"comment_status":"closed","ping_status":"closed","sticky":false,"template":"","format":"standard","meta":[],"categories":[103],"tags":[],"_links":{"self":[{"href":"http:\/\/www.noticiasdelparana.com.ar\/NuevaEdicion\/wp-json\/wp\/v2\/posts\/362939"}],"collection":[{"href":"http:\/\/www.noticiasdelparana.com.ar\/NuevaEdicion\/wp-json\/wp\/v2\/posts"}],"about":[{"href":"http:\/\/www.noticiasdelparana.com.ar\/NuevaEdicion\/wp-json\/wp\/v2\/types\/post"}],"author":[{"embeddable":true,"href":"http:\/\/www.noticiasdelparana.com.ar\/NuevaEdicion\/wp-json\/wp\/v2\/users\/3"}],"replies":[{"embeddable":true,"href":"http:\/\/www.noticiasdelparana.com.ar\/NuevaEdicion\/wp-json\/wp\/v2\/comments?post=362939"}],"version-history":[{"count":1,"href":"http:\/\/www.noticiasdelparana.com.ar\/NuevaEdicion\/wp-json\/wp\/v2\/posts\/362939\/revisions"}],"predecessor-version":[{"id":362941,"href":"http:\/\/www.noticiasdelparana.com.ar\/NuevaEdicion\/wp-json\/wp\/v2\/posts\/362939\/revisions\/362941"}],"wp:featuredmedia":[{"embeddable":true,"href":"http:\/\/www.noticiasdelparana.com.ar\/NuevaEdicion\/wp-json\/wp\/v2\/media\/362940"}],"wp:attachment":[{"href":"http:\/\/www.noticiasdelparana.com.ar\/NuevaEdicion\/wp-json\/wp\/v2\/media?parent=362939"}],"wp:term":[{"taxonomy":"category","embeddable":true,"href":"http:\/\/www.noticiasdelparana.com.ar\/NuevaEdicion\/wp-json\/wp\/v2\/categories?post=362939"},{"taxonomy":"post_tag","embeddable":true,"href":"http:\/\/www.noticiasdelparana.com.ar\/NuevaEdicion\/wp-json\/wp\/v2\/tags?post=362939"}],"curies":[{"name":"wp","href":"https:\/\/api.w.org\/{rel}","templated":true}]}}