{"id":362942,"date":"2026-04-27T17:42:12","date_gmt":"2026-04-27T20:42:12","guid":{"rendered":"http:\/\/www.noticiasdelparana.com.ar\/NuevaEdicion\/?p=362942"},"modified":"2026-04-27T17:42:14","modified_gmt":"2026-04-27T20:42:14","slug":"san-martin-el-gobernador-leandro-zdero-visito-la-ees-n-71-esteban-echeverria","status":"publish","type":"post","link":"http:\/\/www.noticiasdelparana.com.ar\/NuevaEdicion\/2026\/04\/27\/san-martin-el-gobernador-leandro-zdero-visito-la-ees-n-71-esteban-echeverria\/","title":{"rendered":"SAN MART\u00cdN: El Gobernador Leandro Zdero Visit\u00f3 La Ees N\u00b0 71 \u201cEsteban Echeverr\u00eda\u201d"},"content":{"rendered":"\n<p>Durante su recorrida, el mandatario provincial entreg\u00f3 camisetas a los integrantes del Centro de Estudiantes, las cuales ser\u00e1n utilizadas en futuras competencias intercolegiales. El gesto fue bien recibido por la comunidad educativa, que destac\u00f3 el acompa\u00f1amiento a las actividades estudiantiles.<\/p>\n\n\n\n<figure class=\"wp-block-image size-large\"><img loading=\"lazy\" width=\"1024\" height=\"769\" src=\"https:\/\/www.noticiasdelparana.com.ar\/NuevaEdicion\/wp-content\/uploads\/2026\/04\/WhatsApp-Image-2026-04-27-at-17.34.35-1024x769.jpeg\" alt=\"\" class=\"wp-image-362944\" srcset=\"http:\/\/www.noticiasdelparana.com.ar\/NuevaEdicion\/wp-content\/uploads\/2026\/04\/WhatsApp-Image-2026-04-27-at-17.34.35-1024x769.jpeg 1024w, http:\/\/www.noticiasdelparana.com.ar\/NuevaEdicion\/wp-content\/uploads\/2026\/04\/WhatsApp-Image-2026-04-27-at-17.34.35-300x225.jpeg 300w, http:\/\/www.noticiasdelparana.com.ar\/NuevaEdicion\/wp-content\/uploads\/2026\/04\/WhatsApp-Image-2026-04-27-at-17.34.35-768x577.jpeg 768w, http:\/\/www.noticiasdelparana.com.ar\/NuevaEdicion\/wp-content\/uploads\/2026\/04\/WhatsApp-Image-2026-04-27-at-17.34.35-1536x1154.jpeg 1536w, http:\/\/www.noticiasdelparana.com.ar\/NuevaEdicion\/wp-content\/uploads\/2026\/04\/WhatsApp-Image-2026-04-27-at-17.34.35.jpeg 1600w\" sizes=\"(max-width: 1024px) 100vw, 1024px\" \/><\/figure>\n\n\n\n<p>Adem\u00e1s, el gobernador se acerc\u00f3 a distintas aulas para saludar a los alumnos que se encontraban en clases, generando momentos de emoci\u00f3n y sorpresa entre los j\u00f3venes.<\/p>\n\n\n\n<div class=\"wp-block-image\"><figure class=\"aligncenter size-large\"><img loading=\"lazy\" width=\"768\" height=\"1024\" src=\"https:\/\/www.noticiasdelparana.com.ar\/NuevaEdicion\/wp-content\/uploads\/2026\/04\/WhatsApp-Image-2026-04-27-at-17.32.47-768x1024.jpeg\" alt=\"\" class=\"wp-image-362945\" srcset=\"http:\/\/www.noticiasdelparana.com.ar\/NuevaEdicion\/wp-content\/uploads\/2026\/04\/WhatsApp-Image-2026-04-27-at-17.32.47-768x1024.jpeg 768w, http:\/\/www.noticiasdelparana.com.ar\/NuevaEdicion\/wp-content\/uploads\/2026\/04\/WhatsApp-Image-2026-04-27-at-17.32.47-225x300.jpeg 225w, http:\/\/www.noticiasdelparana.com.ar\/NuevaEdicion\/wp-content\/uploads\/2026\/04\/WhatsApp-Image-2026-04-27-at-17.32.47-1152x1536.jpeg 1152w, http:\/\/www.noticiasdelparana.com.ar\/NuevaEdicion\/wp-content\/uploads\/2026\/04\/WhatsApp-Image-2026-04-27-at-17.32.47.jpeg 1200w\" sizes=\"(max-width: 768px) 100vw, 768px\" \/><\/figure><\/div>\n\n\n\n<p>Por su parte, el director de la instituci\u00f3n, Marcelo Sosa, aprovech\u00f3 la visita para plantear al jefe del Ejecutivo provincial distintas inquietudes, necesidades y proyectos a futuro, con el objetivo de seguir fortaleciendo el crecimiento de la escuela.<\/p>\n","protected":false},"excerpt":{"rendered":"<p>27-Abr-26 En la ma\u00f1ana de este lunes, la Escuela de Educaci\u00f3n Secundaria N\u00b0 71 \u201cEsteban Echeverr\u00eda\u201d, de San Mart\u00edn, recibi\u00f3 la visita del gobernador del Chaco, Leandro Zdero.<\/p>\n","protected":false},"author":3,"featured_media":362943,"comment_status":"closed","ping_status":"closed","sticky":false,"template":"","format":"standard","meta":[],"categories":[98],"tags":[],"_links":{"self":[{"href":"http:\/\/www.noticiasdelparana.com.ar\/NuevaEdicion\/wp-json\/wp\/v2\/posts\/362942"}],"collection":[{"href":"http:\/\/www.noticiasdelparana.com.ar\/NuevaEdicion\/wp-json\/wp\/v2\/posts"}],"about":[{"href":"http:\/\/www.noticiasdelparana.com.ar\/NuevaEdicion\/wp-json\/wp\/v2\/types\/post"}],"author":[{"embeddable":true,"href":"http:\/\/www.noticiasdelparana.com.ar\/NuevaEdicion\/wp-json\/wp\/v2\/users\/3"}],"replies":[{"embeddable":true,"href":"http:\/\/www.noticiasdelparana.com.ar\/NuevaEdicion\/wp-json\/wp\/v2\/comments?post=362942"}],"version-history":[{"count":1,"href":"http:\/\/www.noticiasdelparana.com.ar\/NuevaEdicion\/wp-json\/wp\/v2\/posts\/362942\/revisions"}],"predecessor-version":[{"id":362946,"href":"http:\/\/www.noticiasdelparana.com.ar\/NuevaEdicion\/wp-json\/wp\/v2\/posts\/362942\/revisions\/362946"}],"wp:featuredmedia":[{"embeddable":true,"href":"http:\/\/www.noticiasdelparana.com.ar\/NuevaEdicion\/wp-json\/wp\/v2\/media\/362943"}],"wp:attachment":[{"href":"http:\/\/www.noticiasdelparana.com.ar\/NuevaEdicion\/wp-json\/wp\/v2\/media?parent=362942"}],"wp:term":[{"taxonomy":"category","embeddable":true,"href":"http:\/\/www.noticiasdelparana.com.ar\/NuevaEdicion\/wp-json\/wp\/v2\/categories?post=362942"},{"taxonomy":"post_tag","embeddable":true,"href":"http:\/\/www.noticiasdelparana.com.ar\/NuevaEdicion\/wp-json\/wp\/v2\/tags?post=362942"}],"curies":[{"name":"wp","href":"https:\/\/api.w.org\/{rel}","templated":true}]}}