{"id":362954,"date":"2026-04-27T18:14:28","date_gmt":"2026-04-27T21:14:28","guid":{"rendered":"http:\/\/www.noticiasdelparana.com.ar\/NuevaEdicion\/?p=362954"},"modified":"2026-04-27T18:14:31","modified_gmt":"2026-04-27T21:14:31","slug":"resistencia-trabajos-de-mantenimiento-en-importantes-avenidas-de-la-ciudad","status":"publish","type":"post","link":"http:\/\/www.noticiasdelparana.com.ar\/NuevaEdicion\/2026\/04\/27\/resistencia-trabajos-de-mantenimiento-en-importantes-avenidas-de-la-ciudad\/","title":{"rendered":"RESISTENCIA: Trabajos De Mantenimiento En Importantes Avenidas De La Ciudad"},"content":{"rendered":"\n<p>Las tareas de despliegan&nbsp; espec\u00edficamente en los siguientes tramos:<\/p>\n\n\n\n<p>\ud83d\udccd Av. Malvinas, desde Av. Mc Lean hasta calle Vaernet<\/p>\n\n\n\n<p>\ud83d\udccd Av. Malvinas, desde Av. Hernandarias hasta calle Echeverr\u00eda<\/p>\n\n\n\n<p>\ud83d\udccd Av. Soberan\u00eda, desde Av. Alberdi hasta calle Roque S\u00e1enz Pe\u00f1a<\/p>\n\n\n\n<p>\ud83d\udccd Av. Soberan\u00eda, desde Av. Lisandro de la Torre hasta calle Duvivier<\/p>\n\n\n\n<p>Los trabajos se llevar\u00e1n adelante \u00fanicamente por el carril inferior (carril de abajo), por lo que se solicita a los conductores circular con precauci\u00f3n, respetar la se\u00f1alizaci\u00f3n y prever posibles demoras en la zona.<\/p>\n\n\n\n<p>Se recomienda tomar v\u00edas alternativas para evitar<\/p>\n","protected":false},"excerpt":{"rendered":"<p>27-Abr-26 Se informa a los vecinos y conductores que se estar\u00e1n realizando trabajos de mantenimiento y mejoras en distintos sectores de la ciudad  <\/p>\n","protected":false},"author":3,"featured_media":362955,"comment_status":"closed","ping_status":"closed","sticky":false,"template":"","format":"standard","meta":[],"categories":[102],"tags":[],"_links":{"self":[{"href":"http:\/\/www.noticiasdelparana.com.ar\/NuevaEdicion\/wp-json\/wp\/v2\/posts\/362954"}],"collection":[{"href":"http:\/\/www.noticiasdelparana.com.ar\/NuevaEdicion\/wp-json\/wp\/v2\/posts"}],"about":[{"href":"http:\/\/www.noticiasdelparana.com.ar\/NuevaEdicion\/wp-json\/wp\/v2\/types\/post"}],"author":[{"embeddable":true,"href":"http:\/\/www.noticiasdelparana.com.ar\/NuevaEdicion\/wp-json\/wp\/v2\/users\/3"}],"replies":[{"embeddable":true,"href":"http:\/\/www.noticiasdelparana.com.ar\/NuevaEdicion\/wp-json\/wp\/v2\/comments?post=362954"}],"version-history":[{"count":1,"href":"http:\/\/www.noticiasdelparana.com.ar\/NuevaEdicion\/wp-json\/wp\/v2\/posts\/362954\/revisions"}],"predecessor-version":[{"id":362956,"href":"http:\/\/www.noticiasdelparana.com.ar\/NuevaEdicion\/wp-json\/wp\/v2\/posts\/362954\/revisions\/362956"}],"wp:featuredmedia":[{"embeddable":true,"href":"http:\/\/www.noticiasdelparana.com.ar\/NuevaEdicion\/wp-json\/wp\/v2\/media\/362955"}],"wp:attachment":[{"href":"http:\/\/www.noticiasdelparana.com.ar\/NuevaEdicion\/wp-json\/wp\/v2\/media?parent=362954"}],"wp:term":[{"taxonomy":"category","embeddable":true,"href":"http:\/\/www.noticiasdelparana.com.ar\/NuevaEdicion\/wp-json\/wp\/v2\/categories?post=362954"},{"taxonomy":"post_tag","embeddable":true,"href":"http:\/\/www.noticiasdelparana.com.ar\/NuevaEdicion\/wp-json\/wp\/v2\/tags?post=362954"}],"curies":[{"name":"wp","href":"https:\/\/api.w.org\/{rel}","templated":true}]}}