{"id":362957,"date":"2026-04-27T18:23:09","date_gmt":"2026-04-27T21:23:09","guid":{"rendered":"http:\/\/www.noticiasdelparana.com.ar\/NuevaEdicion\/?p=362957"},"modified":"2026-04-27T18:23:13","modified_gmt":"2026-04-27T21:23:13","slug":"resistencia-nuevos-emprendedores-gastronomicos-fueron-capacitados-por-el-municipio","status":"publish","type":"post","link":"http:\/\/www.noticiasdelparana.com.ar\/NuevaEdicion\/2026\/04\/27\/resistencia-nuevos-emprendedores-gastronomicos-fueron-capacitados-por-el-municipio\/","title":{"rendered":"RESISTENCIA: Nuevos Emprendedores Gastron\u00f3micos Fueron Capacitados Por El Municipio"},"content":{"rendered":"\n<p>Viviana Paniagua fue una de las participantes y expres\u00f3: \u00abMe siento muy orgullosa de participar de este tipo de capacitaci\u00f3n, soy docente jubilada y esta es la primera vez que hago diferente a mi profesi\u00f3n\u00bb.<\/p>\n\n\n\n<p>\u00abMe parece una buena propuesta de parte de la Municipalidad, gracias al intendente por aportar la materia prima para poner en pr\u00e1ctica el marco te\u00f3rico\u00bb, agreg\u00f3.<\/p>\n\n\n\n<p>La capacitadora Norma Rivero, dijo que \u00abla gente est\u00e1 muy contenta, ya casi todos tienen su propio emprendimiento\u00bb.<\/p>\n\n\n\n<p>Explic\u00f3 que hubo dos clases pr\u00e1cticas y dos te\u00f3ricas y uno de degustaci\u00f3n, con 40 participantes.<\/p>\n\n\n\n<p>Desde la Subsecretar\u00eda de Integraci\u00f3n Comunitaria se\u00f1alaron que este tipo de actividades continuar\u00e1n en mayo y junio, pudiendo los interesados registrarse en los centros comunitarios respectivos.<\/p>\n","protected":false},"excerpt":{"rendered":"<p>27-Abr-26 La Municipalidad  llev\u00f3 adelante una nueva entrega de certificados y degustaci\u00f3n en el marco de la capacitaci\u00f3n de panader\u00eda y pasteler\u00eda, que en este caso benefici\u00f3 a vecinos que asistieron a los cursos realizados en el Centro Comunitario del barrio Independencia.<\/p>\n","protected":false},"author":3,"featured_media":362958,"comment_status":"closed","ping_status":"closed","sticky":false,"template":"","format":"standard","meta":[],"categories":[102],"tags":[],"_links":{"self":[{"href":"http:\/\/www.noticiasdelparana.com.ar\/NuevaEdicion\/wp-json\/wp\/v2\/posts\/362957"}],"collection":[{"href":"http:\/\/www.noticiasdelparana.com.ar\/NuevaEdicion\/wp-json\/wp\/v2\/posts"}],"about":[{"href":"http:\/\/www.noticiasdelparana.com.ar\/NuevaEdicion\/wp-json\/wp\/v2\/types\/post"}],"author":[{"embeddable":true,"href":"http:\/\/www.noticiasdelparana.com.ar\/NuevaEdicion\/wp-json\/wp\/v2\/users\/3"}],"replies":[{"embeddable":true,"href":"http:\/\/www.noticiasdelparana.com.ar\/NuevaEdicion\/wp-json\/wp\/v2\/comments?post=362957"}],"version-history":[{"count":1,"href":"http:\/\/www.noticiasdelparana.com.ar\/NuevaEdicion\/wp-json\/wp\/v2\/posts\/362957\/revisions"}],"predecessor-version":[{"id":362959,"href":"http:\/\/www.noticiasdelparana.com.ar\/NuevaEdicion\/wp-json\/wp\/v2\/posts\/362957\/revisions\/362959"}],"wp:featuredmedia":[{"embeddable":true,"href":"http:\/\/www.noticiasdelparana.com.ar\/NuevaEdicion\/wp-json\/wp\/v2\/media\/362958"}],"wp:attachment":[{"href":"http:\/\/www.noticiasdelparana.com.ar\/NuevaEdicion\/wp-json\/wp\/v2\/media?parent=362957"}],"wp:term":[{"taxonomy":"category","embeddable":true,"href":"http:\/\/www.noticiasdelparana.com.ar\/NuevaEdicion\/wp-json\/wp\/v2\/categories?post=362957"},{"taxonomy":"post_tag","embeddable":true,"href":"http:\/\/www.noticiasdelparana.com.ar\/NuevaEdicion\/wp-json\/wp\/v2\/tags?post=362957"}],"curies":[{"name":"wp","href":"https:\/\/api.w.org\/{rel}","templated":true}]}}