{"id":362960,"date":"2026-04-27T18:26:32","date_gmt":"2026-04-27T21:26:32","guid":{"rendered":"http:\/\/www.noticiasdelparana.com.ar\/NuevaEdicion\/?p=362960"},"modified":"2026-04-27T18:26:35","modified_gmt":"2026-04-27T21:26:35","slug":"puerto-tirol-cosechar-con-futuro-abren-inscripciones-al-curso-de-produccion-agroecologica-de-incupo","status":"publish","type":"post","link":"http:\/\/www.noticiasdelparana.com.ar\/NuevaEdicion\/2026\/04\/27\/puerto-tirol-cosechar-con-futuro-abren-inscripciones-al-curso-de-produccion-agroecologica-de-incupo\/","title":{"rendered":"PUERTO TIROL: Cosechar Con Futuro: Abren Inscripciones Al Curso De Producci\u00f3n Agroecol\u00f3gica DE INCUPO"},"content":{"rendered":"\n<p>La propuesta, orientada a quienes buscan producir alimentos de manera saludable y sustentable, se desarrollar\u00e1 de forma presencial a lo largo de cuatro meses. Contar\u00e1 con una modalidad te\u00f3rico-pr\u00e1ctica que combina el aprendizaje en campo con el intercambio de saberes entre familias campesinas, t\u00e9cnicos y participantes.<\/p>\n\n\n\n<p>El curso est\u00e1 organizado en cuatro m\u00f3dulos, de dos d\u00edas cada uno, en los que se abordar\u00e1n temas clave de la agroecolog\u00eda, como el manejo de cultivos y animales, la elaboraci\u00f3n de bioinsumos, la transformaci\u00f3n de productos, las buenas pr\u00e1cticas bromatol\u00f3gicas y estrategias de comercializaci\u00f3n. Los m\u00f3dulos pueden realizarse de manera independiente, seg\u00fan los intereses de cada participante.<\/p>\n\n\n\n<p>El primer encuentro se realizar\u00e1 el 29 y 30 de mayo y estar\u00e1 centrado en la producci\u00f3n de cultivos. En julio, el segundo m\u00f3dulo abordar\u00e1 el manejo agroecol\u00f3gico de animales. En agosto, la propuesta continuar\u00e1 con contenidos sobre transformaci\u00f3n de la producci\u00f3n y garant\u00edas sanitarias. Finalmente, en octubre, se trabajar\u00e1 sobre an\u00e1lisis econ\u00f3mico de emprendimientos, comercializaci\u00f3n y mercados.<\/p>\n\n\n\n<p>Esta formaci\u00f3n se viene desarrollando desde hace cinco a\u00f1os, con la participaci\u00f3n de m\u00e1s de 200 productores, docentes y estudiantes de la regi\u00f3n y tambi\u00e9n de pa\u00edses vecinos.<\/p>\n\n\n\n<p>El curso est\u00e1 dirigido a agricultores familiares, docentes, estudiantes, t\u00e9cnicos, profesionales y a todas las personas interesadas en la tem\u00e1tica.<\/p>\n\n\n\n<p>La capacitaci\u00f3n cuenta con certificaci\u00f3n de INCUPO, MAELA (Movimiento Agroecol\u00f3gico de Am\u00e9rica Latina y el Caribe) y la Universidad Nacional de Rosario (UNR).<\/p>\n\n\n\n<p>Para m\u00e1s informaci\u00f3n, las personas interesadas pueden ingresar a <a href=\"http:\/\/www.incupo.ar\/cursos\">www.incupo.ar\/cursos<\/a><\/p>\n","protected":false},"excerpt":{"rendered":"<p>27-Abr-26 El Instituto de Cultura Popular (INCUPO) abri\u00f3 la inscripci\u00f3n a la edici\u00f3n 2026 del curso \u201cProducci\u00f3n agroecol\u00f3gica: cosechar con futuro\u201d que se realizar\u00e1 en Puerto Tirol (Chaco).<\/p>\n","protected":false},"author":4,"featured_media":362961,"comment_status":"closed","ping_status":"closed","sticky":false,"template":"","format":"standard","meta":[],"categories":[100],"tags":[],"_links":{"self":[{"href":"http:\/\/www.noticiasdelparana.com.ar\/NuevaEdicion\/wp-json\/wp\/v2\/posts\/362960"}],"collection":[{"href":"http:\/\/www.noticiasdelparana.com.ar\/NuevaEdicion\/wp-json\/wp\/v2\/posts"}],"about":[{"href":"http:\/\/www.noticiasdelparana.com.ar\/NuevaEdicion\/wp-json\/wp\/v2\/types\/post"}],"author":[{"embeddable":true,"href":"http:\/\/www.noticiasdelparana.com.ar\/NuevaEdicion\/wp-json\/wp\/v2\/users\/4"}],"replies":[{"embeddable":true,"href":"http:\/\/www.noticiasdelparana.com.ar\/NuevaEdicion\/wp-json\/wp\/v2\/comments?post=362960"}],"version-history":[{"count":1,"href":"http:\/\/www.noticiasdelparana.com.ar\/NuevaEdicion\/wp-json\/wp\/v2\/posts\/362960\/revisions"}],"predecessor-version":[{"id":362962,"href":"http:\/\/www.noticiasdelparana.com.ar\/NuevaEdicion\/wp-json\/wp\/v2\/posts\/362960\/revisions\/362962"}],"wp:featuredmedia":[{"embeddable":true,"href":"http:\/\/www.noticiasdelparana.com.ar\/NuevaEdicion\/wp-json\/wp\/v2\/media\/362961"}],"wp:attachment":[{"href":"http:\/\/www.noticiasdelparana.com.ar\/NuevaEdicion\/wp-json\/wp\/v2\/media?parent=362960"}],"wp:term":[{"taxonomy":"category","embeddable":true,"href":"http:\/\/www.noticiasdelparana.com.ar\/NuevaEdicion\/wp-json\/wp\/v2\/categories?post=362960"},{"taxonomy":"post_tag","embeddable":true,"href":"http:\/\/www.noticiasdelparana.com.ar\/NuevaEdicion\/wp-json\/wp\/v2\/tags?post=362960"}],"curies":[{"name":"wp","href":"https:\/\/api.w.org\/{rel}","templated":true}]}}