{"id":362963,"date":"2026-04-27T18:32:22","date_gmt":"2026-04-27T21:32:22","guid":{"rendered":"http:\/\/www.noticiasdelparana.com.ar\/NuevaEdicion\/?p=362963"},"modified":"2026-04-27T18:32:27","modified_gmt":"2026-04-27T21:32:27","slug":"las-garcitas-secuestran-mas-de-700-kilos-de-carne-no-apta-para-el-consumo-en-operativo-de-control","status":"publish","type":"post","link":"http:\/\/www.noticiasdelparana.com.ar\/NuevaEdicion\/2026\/04\/27\/las-garcitas-secuestran-mas-de-700-kilos-de-carne-no-apta-para-el-consumo-en-operativo-de-control\/","title":{"rendered":"LAS GARCITAS: Secuestran M\u00e1s De 700 Kilos De Carne No Apta Para El Consumo En Operativo De Control"},"content":{"rendered":"\n<p>En un importante despliegue de prevenci\u00f3n y salud p\u00fablica, personal del Departamento Seguridad Rural de General San Mart\u00edn realiz\u00f3 este lunes una serie de inspecciones en carnicer\u00edas de la localidad de Las Garcitas, que culmin\u00f3 con el decomiso de una gran cantidad de mercader\u00eda en mal estado.<\/p>\n\n\n\n<p>El objetivo central fue verificar la procedencia de los cortes y garantizar que los productos ofrecidos al p\u00fablico cumplieran con las normas sanitarias vigentes.<\/p>\n\n\n\n<p>Tras inspeccionar diversos comercios del rubro, las autoridades detectaron severas irregularidades en un local ubicado en la intersecci\u00f3n de la avenida H\u00e9ctor Dolce y la calle Santiago Cruz. En dicho establecimiento, se procedi\u00f3 al secuestro de 738,8 kilogramos de productos c\u00e1rnicos, desglosados en:<\/p>\n\n\n\n<p>187,2 kg de carne porcina.<\/p>\n\n\n\n<p>177,1 kg de carne bovina.<\/p>\n\n\n\n<p>42 kg de carne av\u00edcola.<\/p>\n\n\n\n<p>325,5 kg de v\u00edsceras.<\/p>\n\n\n\n<p>7 kg de embutidos.<\/p>\n\n\n\n<p>De acuerdo al informe t\u00e9cnico, la mercader\u00eda no se encontraba apta para el consumo humano, por lo que representa un riesgo potencial para la poblaci\u00f3n.<\/p>\n\n\n\n<p>Ante este hallazgo, la Fiscal\u00eda Rural y Ambiental de General San Mart\u00edn dispuso la instrucci\u00f3n de actuaciones judiciales por infracci\u00f3n al Art\u00edculo 206 del C\u00f3digo Penal Argentino. Por orden de la magistratura interviniente, la totalidad de la carne secuestrada fue trasladada para su incineraci\u00f3n inmediata, mientras que el responsable del comercio fue notificado de las actas de infracci\u00f3n correspondientes.<br><\/p>\n","protected":false},"excerpt":{"rendered":"<p>27-Abr-26 El operativo, que se extendi\u00f3 entre las 10:00 y las 14:30, cont\u00f3 con la supervisi\u00f3n de un m\u00e9dico veterinario policial y el apoyo de la comisar\u00eda local. <\/p>\n","protected":false},"author":3,"featured_media":362964,"comment_status":"closed","ping_status":"closed","sticky":false,"template":"","format":"standard","meta":[],"categories":[103],"tags":[],"_links":{"self":[{"href":"http:\/\/www.noticiasdelparana.com.ar\/NuevaEdicion\/wp-json\/wp\/v2\/posts\/362963"}],"collection":[{"href":"http:\/\/www.noticiasdelparana.com.ar\/NuevaEdicion\/wp-json\/wp\/v2\/posts"}],"about":[{"href":"http:\/\/www.noticiasdelparana.com.ar\/NuevaEdicion\/wp-json\/wp\/v2\/types\/post"}],"author":[{"embeddable":true,"href":"http:\/\/www.noticiasdelparana.com.ar\/NuevaEdicion\/wp-json\/wp\/v2\/users\/3"}],"replies":[{"embeddable":true,"href":"http:\/\/www.noticiasdelparana.com.ar\/NuevaEdicion\/wp-json\/wp\/v2\/comments?post=362963"}],"version-history":[{"count":1,"href":"http:\/\/www.noticiasdelparana.com.ar\/NuevaEdicion\/wp-json\/wp\/v2\/posts\/362963\/revisions"}],"predecessor-version":[{"id":362965,"href":"http:\/\/www.noticiasdelparana.com.ar\/NuevaEdicion\/wp-json\/wp\/v2\/posts\/362963\/revisions\/362965"}],"wp:featuredmedia":[{"embeddable":true,"href":"http:\/\/www.noticiasdelparana.com.ar\/NuevaEdicion\/wp-json\/wp\/v2\/media\/362964"}],"wp:attachment":[{"href":"http:\/\/www.noticiasdelparana.com.ar\/NuevaEdicion\/wp-json\/wp\/v2\/media?parent=362963"}],"wp:term":[{"taxonomy":"category","embeddable":true,"href":"http:\/\/www.noticiasdelparana.com.ar\/NuevaEdicion\/wp-json\/wp\/v2\/categories?post=362963"},{"taxonomy":"post_tag","embeddable":true,"href":"http:\/\/www.noticiasdelparana.com.ar\/NuevaEdicion\/wp-json\/wp\/v2\/tags?post=362963"}],"curies":[{"name":"wp","href":"https:\/\/api.w.org\/{rel}","templated":true}]}}