{"id":362975,"date":"2026-04-27T20:41:49","date_gmt":"2026-04-27T23:41:49","guid":{"rendered":"http:\/\/www.noticiasdelparana.com.ar\/NuevaEdicion\/?p=362975"},"modified":"2026-04-27T20:41:51","modified_gmt":"2026-04-27T23:41:51","slug":"san-martin-el-centro-de-jubilados-carlos-caceres-sumo-pileta-climatizada-y-refacciones-integrales","status":"publish","type":"post","link":"http:\/\/www.noticiasdelparana.com.ar\/NuevaEdicion\/2026\/04\/27\/san-martin-el-centro-de-jubilados-carlos-caceres-sumo-pileta-climatizada-y-refacciones-integrales\/","title":{"rendered":"SAN MART\u00cdN: El Centro De Jubilados \u201cCarlos C\u00e1ceres\u201d Sum\u00f3 Pileta Climatizada Y Refacciones Integrales"},"content":{"rendered":"\n<p>Durante el acto, el mandatario provincial destac\u00f3 el cumplimiento de un compromiso asumido con la instituci\u00f3n: \u201cEstamos en este centro cumpliendo con una demanda que nos hab\u00edan planteado hace tiempo. Este es un espacio muy importante, no solo para la recreaci\u00f3n, sino tambi\u00e9n para la salud y la contenci\u00f3n de nuestros adultos mayores\u201d, expres\u00f3.<\/p>\n\n\n\n<p>Zdero remarc\u00f3 que la obra fue posible gracias al trabajo conjunto entre el Gobierno provincial, Loter\u00eda Chaque\u00f1a y la comisi\u00f3n directiva del centro. \u201cHoy venimos a formalizar una obra que se hizo con fondos que vuelven a la comunidad y que tiene un impacto directo en la calidad de vida de los jubilados\u201d, se\u00f1al\u00f3.<\/p>\n\n\n\n<p>El gobernador subray\u00f3 adem\u00e1s el valor social del espacio: \u201cAqu\u00ed no solo se desarrollan actividades recreativas, sino tambi\u00e9n terap\u00e9uticas. Esta pileta ahora podr\u00e1 ser utilizada todos los d\u00edas del a\u00f1o, lo que representa un gran avance para toda la comunidad\u201d.<\/p>\n\n\n\n<p>Por su parte, el presidente del Centro de Jubilados \u201cCarlos C\u00e1ceres\u201d, Jorge Medina, celebr\u00f3 la concreci\u00f3n del proyecto: \u201cEs una enorme alegr\u00eda poder cumplir este sue\u00f1o de tener climatizada la pileta que ten\u00edamos desde hace muchos a\u00f1os. No exist\u00eda en todo el departamento un espacio as\u00ed, por lo que esto representa un servicio fundamental, no solo para San Mart\u00edn, sino para localidades cercanas\u201d.<\/p>\n\n\n\n<p>Medina destac\u00f3 que el lugar cuenta con m\u00e1s de 500 socios y que la pileta permitir\u00e1 brindar actividades recreativas y terap\u00e9uticas durante todo el a\u00f1o: \u201cMuchos pacientes necesitan este tipo de tratamientos, y ahora vamos a poder ofrecerlos sin interrupciones\u201d, afirm\u00f3.<\/p>\n\n\n\n<p>A su turno, el presidente de Loter\u00eda Chaque\u00f1a, Lucas Apud, resalt\u00f3 el destino de los recursos: \u201cLos fondos que provienen del juego legal, seguro y responsable vuelven a la comunidad en acciones concretas como esta. Es una respuesta a una demanda hist\u00f3rica de la instituci\u00f3n\u201d, indic\u00f3.<\/p>\n\n\n\n<p>Apud agreg\u00f3 que la intervenci\u00f3n incluy\u00f3 la instalaci\u00f3n del sistema de climatizaci\u00f3n, mientras que el centro colabor\u00f3 con el cerramiento y obras complementarias, consolidando un trabajo articulado entre el Estado y la comunidad.<\/p>\n\n\n\n<p>La climatizaci\u00f3n de la pileta representa una mejora sustancial en la calidad de vida de los adultos mayores, ya que promueve la actividad f\u00edsica, la integraci\u00f3n social y el bienestar general. Adem\u00e1s, fortalece el rol del centro como espacio de encuentro, contenci\u00f3n y desarrollo de actividades saludables para toda la comunidad.<\/p>\n\n\n\n<p>Acompa\u00f1aron al Gobernador, el ministro de Infraestructura, Hugo Dom\u00ednguez; el presidente de Loter\u00eda Chaque\u00f1a, Lucas Apud; Zulma Galeano; Edgardo Marinoff; la concejal Clarisa Vallejos, dem\u00e1s autoridades provinciales y jubilados pertenecientes a la Asociaci\u00f3n \u201cCarlos C\u00e1ceres\u201d.<\/p>\n","protected":false},"excerpt":{"rendered":"<p>27-Abr-26 Este lunes, el gobernador Leandro Zdero acompa\u00f1\u00f3 la habilitaci\u00f3n de la pileta climatizada y de las refacciones integrales en  la Asociaci\u00f3n de Jubilados, Retirados y Pensionados Provinciales \u201cCarlos C\u00e1ceres\u201d, en General San Mart\u00edn, una intervenci\u00f3n que permitir\u00e1 su utilizaci\u00f3n durante todo el a\u00f1o y beneficiar\u00e1 a cientos de adultos mayores de la localidad y la regi\u00f3n.<\/p>\n","protected":false},"author":3,"featured_media":362977,"comment_status":"closed","ping_status":"closed","sticky":false,"template":"","format":"standard","meta":[],"categories":[98],"tags":[],"_links":{"self":[{"href":"http:\/\/www.noticiasdelparana.com.ar\/NuevaEdicion\/wp-json\/wp\/v2\/posts\/362975"}],"collection":[{"href":"http:\/\/www.noticiasdelparana.com.ar\/NuevaEdicion\/wp-json\/wp\/v2\/posts"}],"about":[{"href":"http:\/\/www.noticiasdelparana.com.ar\/NuevaEdicion\/wp-json\/wp\/v2\/types\/post"}],"author":[{"embeddable":true,"href":"http:\/\/www.noticiasdelparana.com.ar\/NuevaEdicion\/wp-json\/wp\/v2\/users\/3"}],"replies":[{"embeddable":true,"href":"http:\/\/www.noticiasdelparana.com.ar\/NuevaEdicion\/wp-json\/wp\/v2\/comments?post=362975"}],"version-history":[{"count":1,"href":"http:\/\/www.noticiasdelparana.com.ar\/NuevaEdicion\/wp-json\/wp\/v2\/posts\/362975\/revisions"}],"predecessor-version":[{"id":362978,"href":"http:\/\/www.noticiasdelparana.com.ar\/NuevaEdicion\/wp-json\/wp\/v2\/posts\/362975\/revisions\/362978"}],"wp:featuredmedia":[{"embeddable":true,"href":"http:\/\/www.noticiasdelparana.com.ar\/NuevaEdicion\/wp-json\/wp\/v2\/media\/362977"}],"wp:attachment":[{"href":"http:\/\/www.noticiasdelparana.com.ar\/NuevaEdicion\/wp-json\/wp\/v2\/media?parent=362975"}],"wp:term":[{"taxonomy":"category","embeddable":true,"href":"http:\/\/www.noticiasdelparana.com.ar\/NuevaEdicion\/wp-json\/wp\/v2\/categories?post=362975"},{"taxonomy":"post_tag","embeddable":true,"href":"http:\/\/www.noticiasdelparana.com.ar\/NuevaEdicion\/wp-json\/wp\/v2\/tags?post=362975"}],"curies":[{"name":"wp","href":"https:\/\/api.w.org\/{rel}","templated":true}]}}