{"id":362991,"date":"2026-04-27T21:05:49","date_gmt":"2026-04-28T00:05:49","guid":{"rendered":"http:\/\/www.noticiasdelparana.com.ar\/NuevaEdicion\/?p=362991"},"modified":"2026-04-27T21:05:54","modified_gmt":"2026-04-28T00:05:54","slug":"fontana-dos-robos-esclarecidos-y-tres-detenidos-por-el-personal-policial-de-fontana","status":"publish","type":"post","link":"http:\/\/www.noticiasdelparana.com.ar\/NuevaEdicion\/2026\/04\/27\/fontana-dos-robos-esclarecidos-y-tres-detenidos-por-el-personal-policial-de-fontana\/","title":{"rendered":"FONTANA: Dos Robos Esclarecidos Y Tres Detenidos Por El Personal Policial De Fontana"},"content":{"rendered":"\n<p>Cerca de las 11:30, los agentes de la Comisar\u00eda Primera Fontana demoraron a dos ciudadanos de 33 y 23 a\u00f1os en el barrio balastro II. Ellos trasladaban una carretilla llena de electrodom\u00e9sticos que habr\u00edan sido sustra\u00eddos de una casa entre la tarde\/noche y la ma\u00f1ana de hoy.<\/p>\n\n\n\n<p>En la carretilla, los sospechosos llevaban una pava el\u00e9ctrica, un horno el\u00e9ctrico, una olla el\u00e9ctrica, una bomba de agua, un ventilador de pie, una garrafa, una batidora, una pala ancha, otra de punta, un termo Stanley, cuatro corta-hierros y un peine el\u00e9ctrico, entre mercader\u00edas, bazar, ropas y juguetes.<\/p>\n\n\n\n<p>Finalmente, ambos demorados fueron detenidos bajo la causa de \u201csupuesto robo\u201d en la comisar\u00eda Primera de Fontana.<\/p>\n\n\n\n<p>Unas horas m\u00e1s tarde, a eso de las 18:00 los efectivos de la misma comisar\u00eda detuvieron a un ciudadano de 27 a\u00f1os, tambi\u00e9n por robo de una cartera negra que ten\u00eda dinero, un celular, un auricular, un reloj digital, tres mallas, una campera, paquetes de harina y de cigarrillos.<\/p>\n\n\n\n<p>El sospechoso fue demorado cerca de avenida Chaco al 700 con los elementos denunciados y 161 mil pesos. Tras el reconocimiento de todos los elementos, la fiscal\u00eda orden\u00f3 la aprehensi\u00f3n del joven por la causa de \u201csupuesto robo\u201d.<\/p>\n","protected":false},"excerpt":{"rendered":"<p>27-Abr-26 En un caso detuvieron a dos j\u00f3venes con electrodom\u00e9sticos robados de una casa y en otro aprehendieron a un ciudadano, tambi\u00e9n con elementos sustra\u00eddos.<\/p>\n","protected":false},"author":3,"featured_media":362992,"comment_status":"closed","ping_status":"closed","sticky":false,"template":"","format":"standard","meta":[],"categories":[103],"tags":[],"_links":{"self":[{"href":"http:\/\/www.noticiasdelparana.com.ar\/NuevaEdicion\/wp-json\/wp\/v2\/posts\/362991"}],"collection":[{"href":"http:\/\/www.noticiasdelparana.com.ar\/NuevaEdicion\/wp-json\/wp\/v2\/posts"}],"about":[{"href":"http:\/\/www.noticiasdelparana.com.ar\/NuevaEdicion\/wp-json\/wp\/v2\/types\/post"}],"author":[{"embeddable":true,"href":"http:\/\/www.noticiasdelparana.com.ar\/NuevaEdicion\/wp-json\/wp\/v2\/users\/3"}],"replies":[{"embeddable":true,"href":"http:\/\/www.noticiasdelparana.com.ar\/NuevaEdicion\/wp-json\/wp\/v2\/comments?post=362991"}],"version-history":[{"count":1,"href":"http:\/\/www.noticiasdelparana.com.ar\/NuevaEdicion\/wp-json\/wp\/v2\/posts\/362991\/revisions"}],"predecessor-version":[{"id":362993,"href":"http:\/\/www.noticiasdelparana.com.ar\/NuevaEdicion\/wp-json\/wp\/v2\/posts\/362991\/revisions\/362993"}],"wp:featuredmedia":[{"embeddable":true,"href":"http:\/\/www.noticiasdelparana.com.ar\/NuevaEdicion\/wp-json\/wp\/v2\/media\/362992"}],"wp:attachment":[{"href":"http:\/\/www.noticiasdelparana.com.ar\/NuevaEdicion\/wp-json\/wp\/v2\/media?parent=362991"}],"wp:term":[{"taxonomy":"category","embeddable":true,"href":"http:\/\/www.noticiasdelparana.com.ar\/NuevaEdicion\/wp-json\/wp\/v2\/categories?post=362991"},{"taxonomy":"post_tag","embeddable":true,"href":"http:\/\/www.noticiasdelparana.com.ar\/NuevaEdicion\/wp-json\/wp\/v2\/tags?post=362991"}],"curies":[{"name":"wp","href":"https:\/\/api.w.org\/{rel}","templated":true}]}}