{"id":362994,"date":"2026-04-27T21:06:48","date_gmt":"2026-04-28T00:06:48","guid":{"rendered":"http:\/\/www.noticiasdelparana.com.ar\/NuevaEdicion\/?p=362994"},"modified":"2026-04-27T21:06:52","modified_gmt":"2026-04-28T00:06:52","slug":"castelli-detienen-a-un-hombre-por-maltrato-animal-tras-la-intoxicacion-de-sus-perros","status":"publish","type":"post","link":"http:\/\/www.noticiasdelparana.com.ar\/NuevaEdicion\/2026\/04\/27\/castelli-detienen-a-un-hombre-por-maltrato-animal-tras-la-intoxicacion-de-sus-perros\/","title":{"rendered":"CASTELLI: Detienen A Un Hombre Por Maltrato Animal Tras La Intoxicaci\u00f3n De Sus Perros"},"content":{"rendered":"\n<p>La intervenci\u00f3n policial se inici\u00f3 tras el llamado de los vecinos a los servicios de emergencia y a protectoras de animales, alertando que uno de los perros presentaba convulsiones sin recibir asistencia. Seg\u00fan la denuncia, el propietario se present\u00f3 horas m\u00e1s tarde, reaccion\u00f3 de forma violenta contra los presentes y retir\u00f3 al animal enfermo en una camioneta con rumbo desconocido.<\/p>\n\n\n\n<p>Efectivos de la Divisi\u00f3n Operaciones iniciaron una investigaci\u00f3n que permiti\u00f3 localizar al hombre y al canino en una zona rural conocida como Paraje Colonia El 44. El propietario accedi\u00f3 a trasladar al animal para que fuera examinado por el m\u00e9dico veterinario policial.<\/p>\n\n\n\n<p>El diagn\u00f3stico m\u00e9dico veterinario indic\u00f3 que el perro presentaba un cuadro de intoxicaci\u00f3n por rodenticidas anticoagulantes, con p\u00e9rdida de coordinaci\u00f3n, temblores musculares y falta de ox\u00edgeno, arrojando un pron\u00f3stico reservado debido al compromiso de su sistema nervioso.<\/p>\n\n\n\n<p>Ante esta situaci\u00f3n, la Fiscal\u00eda de Investigaci\u00f3n Rural y Ambiental de General San Mart\u00edn dispuso:<\/p>\n\n\n\n<p>La aprehensi\u00f3n inmediata del propietario del animal.<\/p>\n\n\n\n<p>El secuestro formal de la camioneta Toyota Hilux utilizada para el traslado.<\/p>\n\n\n\n<p>El alojamiento del detenido en la Comisar\u00eda Primera de la ciudad.<\/p>\n\n\n\n<p>El denunciante, por su parte, hizo responsable al ahora detenido por cualquier da\u00f1o que pudiera sufrir su familia o comercio, debido a las amenazas recibidas durante el operativo.<\/p>\n","protected":false},"excerpt":{"rendered":"<p>27-Abr-26 Este lunes, un comerciante de 55 a\u00f1os fue aprehendido en una causa por &#8220;Supuesto Maltrato Animal&#8221;, luego de que un vecino denunciara el estado de abandono y las agresiones sufridas por dos caninos en un terreno bald\u00edo de la calle Dr. V\u00e1zquez.<\/p>\n","protected":false},"author":3,"featured_media":362995,"comment_status":"closed","ping_status":"closed","sticky":false,"template":"","format":"standard","meta":[],"categories":[103],"tags":[],"_links":{"self":[{"href":"http:\/\/www.noticiasdelparana.com.ar\/NuevaEdicion\/wp-json\/wp\/v2\/posts\/362994"}],"collection":[{"href":"http:\/\/www.noticiasdelparana.com.ar\/NuevaEdicion\/wp-json\/wp\/v2\/posts"}],"about":[{"href":"http:\/\/www.noticiasdelparana.com.ar\/NuevaEdicion\/wp-json\/wp\/v2\/types\/post"}],"author":[{"embeddable":true,"href":"http:\/\/www.noticiasdelparana.com.ar\/NuevaEdicion\/wp-json\/wp\/v2\/users\/3"}],"replies":[{"embeddable":true,"href":"http:\/\/www.noticiasdelparana.com.ar\/NuevaEdicion\/wp-json\/wp\/v2\/comments?post=362994"}],"version-history":[{"count":1,"href":"http:\/\/www.noticiasdelparana.com.ar\/NuevaEdicion\/wp-json\/wp\/v2\/posts\/362994\/revisions"}],"predecessor-version":[{"id":362996,"href":"http:\/\/www.noticiasdelparana.com.ar\/NuevaEdicion\/wp-json\/wp\/v2\/posts\/362994\/revisions\/362996"}],"wp:featuredmedia":[{"embeddable":true,"href":"http:\/\/www.noticiasdelparana.com.ar\/NuevaEdicion\/wp-json\/wp\/v2\/media\/362995"}],"wp:attachment":[{"href":"http:\/\/www.noticiasdelparana.com.ar\/NuevaEdicion\/wp-json\/wp\/v2\/media?parent=362994"}],"wp:term":[{"taxonomy":"category","embeddable":true,"href":"http:\/\/www.noticiasdelparana.com.ar\/NuevaEdicion\/wp-json\/wp\/v2\/categories?post=362994"},{"taxonomy":"post_tag","embeddable":true,"href":"http:\/\/www.noticiasdelparana.com.ar\/NuevaEdicion\/wp-json\/wp\/v2\/tags?post=362994"}],"curies":[{"name":"wp","href":"https:\/\/api.w.org\/{rel}","templated":true}]}}