{"id":362997,"date":"2026-04-27T22:40:49","date_gmt":"2026-04-28T01:40:49","guid":{"rendered":"http:\/\/www.noticiasdelparana.com.ar\/NuevaEdicion\/?p=362997"},"modified":"2026-04-27T22:44:28","modified_gmt":"2026-04-28T01:44:28","slug":"e-descubrieron-un-pedido-de-captura","status":"publish","type":"post","link":"http:\/\/www.noticiasdelparana.com.ar\/NuevaEdicion\/2026\/04\/27\/e-descubrieron-un-pedido-de-captura\/","title":{"rendered":"CHACO: Lo Demoraron Con Objetos De Dudosa Procedencia Y Le Descubrieron Un Pedido De Captura"},"content":{"rendered":"\n<p>Esta tarde, los agentes de la Divisi\u00f3n Patrulla Preventiva demoraron a un joven de 23 a\u00f1os en el barrio Oro Blanco de S\u00e1enz Pe\u00f1a. El ciudadano ten\u00eda un triciclo, una olla y un acolchado de plaza y media. Cuando los polic\u00edas preguntaron, este no supo responder de d\u00f3nde proven\u00edan los bienes, por lo que fue demorado en una primera instancia. Despu\u00e9s, al verificar sus datos, descubrieron que ten\u00eda pedido de captura.<\/p>\n\n\n\n<p>Seg\u00fan el Sistema de Gesti\u00f3n Biom\u00e9trica (Si.Ge.Bi.) el ciudadano era buscado por una causa de \u201csupuesto robo agravado\u201d emitido por la Fiscal\u00eda de Investigaci\u00f3n Penal N\u00b01 de S\u00e1enz Pe\u00f1a. Por su parte, todos los elementos de dudosa procedencia fueron secuestrados.<\/p>\n","protected":false},"excerpt":{"rendered":"<p>27-Abr-26 El joven fue demorado cerca de las 19:15 de hoy.<\/p>\n","protected":false},"author":3,"featured_media":362998,"comment_status":"closed","ping_status":"closed","sticky":false,"template":"","format":"standard","meta":[],"categories":[103],"tags":[],"_links":{"self":[{"href":"http:\/\/www.noticiasdelparana.com.ar\/NuevaEdicion\/wp-json\/wp\/v2\/posts\/362997"}],"collection":[{"href":"http:\/\/www.noticiasdelparana.com.ar\/NuevaEdicion\/wp-json\/wp\/v2\/posts"}],"about":[{"href":"http:\/\/www.noticiasdelparana.com.ar\/NuevaEdicion\/wp-json\/wp\/v2\/types\/post"}],"author":[{"embeddable":true,"href":"http:\/\/www.noticiasdelparana.com.ar\/NuevaEdicion\/wp-json\/wp\/v2\/users\/3"}],"replies":[{"embeddable":true,"href":"http:\/\/www.noticiasdelparana.com.ar\/NuevaEdicion\/wp-json\/wp\/v2\/comments?post=362997"}],"version-history":[{"count":2,"href":"http:\/\/www.noticiasdelparana.com.ar\/NuevaEdicion\/wp-json\/wp\/v2\/posts\/362997\/revisions"}],"predecessor-version":[{"id":363003,"href":"http:\/\/www.noticiasdelparana.com.ar\/NuevaEdicion\/wp-json\/wp\/v2\/posts\/362997\/revisions\/363003"}],"wp:featuredmedia":[{"embeddable":true,"href":"http:\/\/www.noticiasdelparana.com.ar\/NuevaEdicion\/wp-json\/wp\/v2\/media\/362998"}],"wp:attachment":[{"href":"http:\/\/www.noticiasdelparana.com.ar\/NuevaEdicion\/wp-json\/wp\/v2\/media?parent=362997"}],"wp:term":[{"taxonomy":"category","embeddable":true,"href":"http:\/\/www.noticiasdelparana.com.ar\/NuevaEdicion\/wp-json\/wp\/v2\/categories?post=362997"},{"taxonomy":"post_tag","embeddable":true,"href":"http:\/\/www.noticiasdelparana.com.ar\/NuevaEdicion\/wp-json\/wp\/v2\/tags?post=362997"}],"curies":[{"name":"wp","href":"https:\/\/api.w.org\/{rel}","templated":true}]}}