{"id":363004,"date":"2026-04-27T23:13:32","date_gmt":"2026-04-28T02:13:32","guid":{"rendered":"http:\/\/www.noticiasdelparana.com.ar\/NuevaEdicion\/?p=363004"},"modified":"2026-04-27T23:13:36","modified_gmt":"2026-04-28T02:13:36","slug":"puerto-vilelas-detuvieron-a-un-hombre-y-recuperaron-elementos-robados-en-villa-forestacion","status":"publish","type":"post","link":"http:\/\/www.noticiasdelparana.com.ar\/NuevaEdicion\/2026\/04\/27\/puerto-vilelas-detuvieron-a-un-hombre-y-recuperaron-elementos-robados-en-villa-forestacion\/","title":{"rendered":"PUERTO VILELAS: Detuvieron A Un Hombre Y Recuperaron Elementos Robados En Villa Forestaci\u00f3n"},"content":{"rendered":"\n<p>&nbsp;La Secretar\u00eda de Seguridad P\u00fablica, Vial y Ambiental inform\u00f3 sobre un procedimiento realizado por personal de la Comisar\u00eda de Puerto Vilelas que permiti\u00f3 esclarecer un hecho delictivo y recuperar la totalidad de los bienes sustra\u00eddos en el barrio Villa Forestaci\u00f3n.<\/p>\n\n\n\n<p>El operativo fue resultado de tareas de inteligencia y rastrillajes efectuados en la zona de la avenida R\u00edo Paran\u00e1, donde los efectivos lograron secuestrar diversos elementos denunciados como robados. Entre ellos se encuentran una puerta de aluminio, una ventana de algarrobo, una cocina tipo industrial, una soldadora el\u00e9ctrica y una amoladora, ambas de marca Gamma.<\/p>\n\n\n\n<p>En el marco de las actuaciones, se concret\u00f3 la aprehensi\u00f3n de un hombre de 33 a\u00f1os, identificado como R. D. \u00c1., alias \u201cManeco\u201d, quien fue puesto a disposici\u00f3n de la Justicia para continuar con las diligencias correspondientes.<\/p>\n\n\n\n<p>Desde el \u00e1rea de Seguridad destacaron la importancia del trabajo articulado con las fuerzas policiales y ratificaron el compromiso de continuar fortaleciendo las acciones de prevenci\u00f3n y protecci\u00f3n del patrimonio de los vecinos.<\/p>\n","protected":false},"excerpt":{"rendered":"<p>27-Abr-26  Se concret\u00f3 la aprehensi\u00f3n de un hombre de 33 a\u00f1os.<\/p>\n","protected":false},"author":3,"featured_media":363005,"comment_status":"closed","ping_status":"closed","sticky":false,"template":"","format":"standard","meta":[],"categories":[101],"tags":[],"_links":{"self":[{"href":"http:\/\/www.noticiasdelparana.com.ar\/NuevaEdicion\/wp-json\/wp\/v2\/posts\/363004"}],"collection":[{"href":"http:\/\/www.noticiasdelparana.com.ar\/NuevaEdicion\/wp-json\/wp\/v2\/posts"}],"about":[{"href":"http:\/\/www.noticiasdelparana.com.ar\/NuevaEdicion\/wp-json\/wp\/v2\/types\/post"}],"author":[{"embeddable":true,"href":"http:\/\/www.noticiasdelparana.com.ar\/NuevaEdicion\/wp-json\/wp\/v2\/users\/3"}],"replies":[{"embeddable":true,"href":"http:\/\/www.noticiasdelparana.com.ar\/NuevaEdicion\/wp-json\/wp\/v2\/comments?post=363004"}],"version-history":[{"count":1,"href":"http:\/\/www.noticiasdelparana.com.ar\/NuevaEdicion\/wp-json\/wp\/v2\/posts\/363004\/revisions"}],"predecessor-version":[{"id":363006,"href":"http:\/\/www.noticiasdelparana.com.ar\/NuevaEdicion\/wp-json\/wp\/v2\/posts\/363004\/revisions\/363006"}],"wp:featuredmedia":[{"embeddable":true,"href":"http:\/\/www.noticiasdelparana.com.ar\/NuevaEdicion\/wp-json\/wp\/v2\/media\/363005"}],"wp:attachment":[{"href":"http:\/\/www.noticiasdelparana.com.ar\/NuevaEdicion\/wp-json\/wp\/v2\/media?parent=363004"}],"wp:term":[{"taxonomy":"category","embeddable":true,"href":"http:\/\/www.noticiasdelparana.com.ar\/NuevaEdicion\/wp-json\/wp\/v2\/categories?post=363004"},{"taxonomy":"post_tag","embeddable":true,"href":"http:\/\/www.noticiasdelparana.com.ar\/NuevaEdicion\/wp-json\/wp\/v2\/tags?post=363004"}],"curies":[{"name":"wp","href":"https:\/\/api.w.org\/{rel}","templated":true}]}}