{"id":363007,"date":"2026-04-27T23:22:38","date_gmt":"2026-04-28T02:22:38","guid":{"rendered":"http:\/\/www.noticiasdelparana.com.ar\/NuevaEdicion\/?p=363007"},"modified":"2026-04-27T23:22:42","modified_gmt":"2026-04-28T02:22:42","slug":"chaco-gala-de-apertura-del-ciclo-infantil-ninos-x-siempre","status":"publish","type":"post","link":"http:\/\/www.noticiasdelparana.com.ar\/NuevaEdicion\/2026\/04\/27\/chaco-gala-de-apertura-del-ciclo-infantil-ninos-x-siempre\/","title":{"rendered":"CHACO: Gala de Apertura del ciclo infantil \u201cNi\u00f1os x Siempre\u201d"},"content":{"rendered":"\n<p>&nbsp;La productora CREAR, con m\u00e1s de cinco a\u00f1os de trayectoria en la realizaci\u00f3n de eventos culturales en danza, presenta la Gala de Apertura 2026 del ciclo infantil \u201cNi\u00f1os x Siempre\u201d, que se llevar\u00e1 a cabo el pr\u00f3ximo domingo 17 de mayo, de 18:00 a 21:00 hs, en Sala 88.<\/p>\n\n\n\n<p>El espect\u00e1culo reunir\u00e1 a ni\u00f1as, ni\u00f1os y j\u00f3venes artistas de distintas academias de la regi\u00f3n, quienes compartir\u00e1n en escena su talento, energ\u00eda y pasi\u00f3n por la danza en una propuesta pensada para disfrutar en familia y poner en valor el arte como motor de encuentro.<\/p>\n\n\n\n<p>\u201cNi\u00f1os x Siempre\u201d se consolida como un espacio de encuentro, formaci\u00f3n y expresi\u00f3n art\u00edstica, con el objetivo de fortalecer la danza como herramienta cultural y promover el desarrollo de nuevos talentos desde sus primeras etapas.<\/p>\n\n\n\n<p>Las entradas ya se encuentran disponibles y pueden adquirirse de manera online comunic\u00e1ndose al 3624-223016. Para m\u00e1s informaci\u00f3n, academias y artistas interesados en participar pueden contactarse con la Productora CREAR.<\/p>\n","protected":false},"excerpt":{"rendered":"<p>27-Abr-26 Se llevar\u00e1 a cabo el pr\u00f3ximo domingo 17 de mayo, de 18:00 a 21:00 hs, en Sala 88.<\/p>\n","protected":false},"author":3,"featured_media":363008,"comment_status":"closed","ping_status":"closed","sticky":false,"template":"","format":"standard","meta":[],"categories":[105],"tags":[],"_links":{"self":[{"href":"http:\/\/www.noticiasdelparana.com.ar\/NuevaEdicion\/wp-json\/wp\/v2\/posts\/363007"}],"collection":[{"href":"http:\/\/www.noticiasdelparana.com.ar\/NuevaEdicion\/wp-json\/wp\/v2\/posts"}],"about":[{"href":"http:\/\/www.noticiasdelparana.com.ar\/NuevaEdicion\/wp-json\/wp\/v2\/types\/post"}],"author":[{"embeddable":true,"href":"http:\/\/www.noticiasdelparana.com.ar\/NuevaEdicion\/wp-json\/wp\/v2\/users\/3"}],"replies":[{"embeddable":true,"href":"http:\/\/www.noticiasdelparana.com.ar\/NuevaEdicion\/wp-json\/wp\/v2\/comments?post=363007"}],"version-history":[{"count":1,"href":"http:\/\/www.noticiasdelparana.com.ar\/NuevaEdicion\/wp-json\/wp\/v2\/posts\/363007\/revisions"}],"predecessor-version":[{"id":363009,"href":"http:\/\/www.noticiasdelparana.com.ar\/NuevaEdicion\/wp-json\/wp\/v2\/posts\/363007\/revisions\/363009"}],"wp:featuredmedia":[{"embeddable":true,"href":"http:\/\/www.noticiasdelparana.com.ar\/NuevaEdicion\/wp-json\/wp\/v2\/media\/363008"}],"wp:attachment":[{"href":"http:\/\/www.noticiasdelparana.com.ar\/NuevaEdicion\/wp-json\/wp\/v2\/media?parent=363007"}],"wp:term":[{"taxonomy":"category","embeddable":true,"href":"http:\/\/www.noticiasdelparana.com.ar\/NuevaEdicion\/wp-json\/wp\/v2\/categories?post=363007"},{"taxonomy":"post_tag","embeddable":true,"href":"http:\/\/www.noticiasdelparana.com.ar\/NuevaEdicion\/wp-json\/wp\/v2\/tags?post=363007"}],"curies":[{"name":"wp","href":"https:\/\/api.w.org\/{rel}","templated":true}]}}