{"id":363010,"date":"2026-04-27T23:36:45","date_gmt":"2026-04-28T02:36:45","guid":{"rendered":"http:\/\/www.noticiasdelparana.com.ar\/NuevaEdicion\/?p=363010"},"modified":"2026-04-27T23:36:51","modified_gmt":"2026-04-28T02:36:51","slug":"resistencia-una-nina-de-12-anos-dio-a-luz-en-el-pediatrico-arrestaron-a-su-madre","status":"publish","type":"post","link":"http:\/\/www.noticiasdelparana.com.ar\/NuevaEdicion\/2026\/04\/27\/resistencia-una-nina-de-12-anos-dio-a-luz-en-el-pediatrico-arrestaron-a-su-madre\/","title":{"rendered":"RESISTENCIA: Una Ni\u00f1a De 12 A\u00f1os Dio A Luz En El Pedi\u00e1trico, Arrestaron A Su Madre"},"content":{"rendered":"\n<p>Seg\u00fan las primeras informaciones, la menor lleg\u00f3 al hospital y, en el transcurso de la atenci\u00f3n m\u00e9dica, se constat\u00f3 que cursaba un embarazo avanzado, culminando con el nacimiento del beb\u00e9 en el mismo establecimiento.<br>Ante la gravedad de la situaci\u00f3n, la Justicia intervino de manera inmediata y dispuso la detenci\u00f3n de la madre de la ni\u00f1a, una mujer de 30 a\u00f1os, acusada de encubrimiento agravado por presuntamente haber ocultado durante meses la situaci\u00f3n que atravesaba su hija.<br>La menor permanece internada bajo atenci\u00f3n m\u00e9dica y contenci\u00f3n profesional, mientras la fiscal\u00eda contin\u00faa con la investigaci\u00f3n para esclarecer el hecho y determinar las responsabilidades correspondientes.<\/p>\n","protected":false},"excerpt":{"rendered":"<p>27-Abr-26 Un grave y conmocionante hecho sali\u00f3 a la luz en el Hospital Pedi\u00e1trico de Resistencia, donde una ni\u00f1a de 12 a\u00f1os dio a luz tras haber ingresado al centro de salud por un presunto caso de abuso.<\/p>\n","protected":false},"author":3,"featured_media":363011,"comment_status":"closed","ping_status":"closed","sticky":false,"template":"","format":"standard","meta":[],"categories":[103],"tags":[],"_links":{"self":[{"href":"http:\/\/www.noticiasdelparana.com.ar\/NuevaEdicion\/wp-json\/wp\/v2\/posts\/363010"}],"collection":[{"href":"http:\/\/www.noticiasdelparana.com.ar\/NuevaEdicion\/wp-json\/wp\/v2\/posts"}],"about":[{"href":"http:\/\/www.noticiasdelparana.com.ar\/NuevaEdicion\/wp-json\/wp\/v2\/types\/post"}],"author":[{"embeddable":true,"href":"http:\/\/www.noticiasdelparana.com.ar\/NuevaEdicion\/wp-json\/wp\/v2\/users\/3"}],"replies":[{"embeddable":true,"href":"http:\/\/www.noticiasdelparana.com.ar\/NuevaEdicion\/wp-json\/wp\/v2\/comments?post=363010"}],"version-history":[{"count":1,"href":"http:\/\/www.noticiasdelparana.com.ar\/NuevaEdicion\/wp-json\/wp\/v2\/posts\/363010\/revisions"}],"predecessor-version":[{"id":363012,"href":"http:\/\/www.noticiasdelparana.com.ar\/NuevaEdicion\/wp-json\/wp\/v2\/posts\/363010\/revisions\/363012"}],"wp:featuredmedia":[{"embeddable":true,"href":"http:\/\/www.noticiasdelparana.com.ar\/NuevaEdicion\/wp-json\/wp\/v2\/media\/363011"}],"wp:attachment":[{"href":"http:\/\/www.noticiasdelparana.com.ar\/NuevaEdicion\/wp-json\/wp\/v2\/media?parent=363010"}],"wp:term":[{"taxonomy":"category","embeddable":true,"href":"http:\/\/www.noticiasdelparana.com.ar\/NuevaEdicion\/wp-json\/wp\/v2\/categories?post=363010"},{"taxonomy":"post_tag","embeddable":true,"href":"http:\/\/www.noticiasdelparana.com.ar\/NuevaEdicion\/wp-json\/wp\/v2\/tags?post=363010"}],"curies":[{"name":"wp","href":"https:\/\/api.w.org\/{rel}","templated":true}]}}