{"id":363016,"date":"2026-04-28T06:56:28","date_gmt":"2026-04-28T09:56:28","guid":{"rendered":"http:\/\/www.noticiasdelparana.com.ar\/NuevaEdicion\/?p=363016"},"modified":"2026-04-28T06:56:34","modified_gmt":"2026-04-28T09:56:34","slug":"resistencia-esclarecen-hurto-en-un-minimarket-dos-aprehendidos-y-elementos-recuperados","status":"publish","type":"post","link":"http:\/\/www.noticiasdelparana.com.ar\/NuevaEdicion\/2026\/04\/28\/resistencia-esclarecen-hurto-en-un-minimarket-dos-aprehendidos-y-elementos-recuperados\/","title":{"rendered":"RESISTENCIA: Esclarecen Hurto En Un Minimarket: Dos Aprehendidos Y Elementos Recuperados"},"content":{"rendered":"\n<p>La actuaci\u00f3n se inici\u00f3 tras una alerta difundida en un grupo vecinal. En el lugar, el damnificado manifest\u00f3 que, mediante registros f\u00edlmicos, logr\u00f3 identificar a una pareja conocida como presunta autora del hecho.<\/p>\n\n\n\n<p>A partir de tareas investigativas, se estableci\u00f3 el domicilio de los sospechosos, procedi\u00e9ndose a su identificaci\u00f3n y al secuestro de elementos vinculados a la causa, entre ellos bandejas para pizza, mercader\u00eda, una prenda de vestir utilizada durante el il\u00edcito, una llave de acceso y un tel\u00e9fono celular de inter\u00e9s para la investigaci\u00f3n.<\/p>\n\n\n\n<p>Por disposici\u00f3n de la Fiscal\u00eda en turno, ambos fueron notificados de su aprehensi\u00f3n en la causa, continu\u00e1ndose con las diligencias de rigor.<\/p>\n","protected":false},"excerpt":{"rendered":"<p>28-Abr-26 Personal de la Comisar\u00eda Octava Metropolitana intervino en un hecho de hurto denunciado en un local comercial del barrio Los Troncos, en la ciudad de Resistencia.<\/p>\n","protected":false},"author":3,"featured_media":363017,"comment_status":"closed","ping_status":"closed","sticky":false,"template":"","format":"standard","meta":[],"categories":[103],"tags":[],"_links":{"self":[{"href":"http:\/\/www.noticiasdelparana.com.ar\/NuevaEdicion\/wp-json\/wp\/v2\/posts\/363016"}],"collection":[{"href":"http:\/\/www.noticiasdelparana.com.ar\/NuevaEdicion\/wp-json\/wp\/v2\/posts"}],"about":[{"href":"http:\/\/www.noticiasdelparana.com.ar\/NuevaEdicion\/wp-json\/wp\/v2\/types\/post"}],"author":[{"embeddable":true,"href":"http:\/\/www.noticiasdelparana.com.ar\/NuevaEdicion\/wp-json\/wp\/v2\/users\/3"}],"replies":[{"embeddable":true,"href":"http:\/\/www.noticiasdelparana.com.ar\/NuevaEdicion\/wp-json\/wp\/v2\/comments?post=363016"}],"version-history":[{"count":1,"href":"http:\/\/www.noticiasdelparana.com.ar\/NuevaEdicion\/wp-json\/wp\/v2\/posts\/363016\/revisions"}],"predecessor-version":[{"id":363018,"href":"http:\/\/www.noticiasdelparana.com.ar\/NuevaEdicion\/wp-json\/wp\/v2\/posts\/363016\/revisions\/363018"}],"wp:featuredmedia":[{"embeddable":true,"href":"http:\/\/www.noticiasdelparana.com.ar\/NuevaEdicion\/wp-json\/wp\/v2\/media\/363017"}],"wp:attachment":[{"href":"http:\/\/www.noticiasdelparana.com.ar\/NuevaEdicion\/wp-json\/wp\/v2\/media?parent=363016"}],"wp:term":[{"taxonomy":"category","embeddable":true,"href":"http:\/\/www.noticiasdelparana.com.ar\/NuevaEdicion\/wp-json\/wp\/v2\/categories?post=363016"},{"taxonomy":"post_tag","embeddable":true,"href":"http:\/\/www.noticiasdelparana.com.ar\/NuevaEdicion\/wp-json\/wp\/v2\/tags?post=363016"}],"curies":[{"name":"wp","href":"https:\/\/api.w.org\/{rel}","templated":true}]}}